{"id":8685,"date":"2025-07-29T16:59:42","date_gmt":"2025-07-29T15:59:42","guid":{"rendered":"https:\/\/informacionlocal.es\/das-cabildo-empfaengt-saharauische-kinder-aus-dem-programm-ferien-in-frieden\/"},"modified":"2025-07-29T16:59:42","modified_gmt":"2025-07-29T15:59:42","slug":"das-cabildo-empfaengt-saharauische-kinder-aus-dem-programm-ferien-in-frieden","status":"publish","type":"post","link":"https:\/\/informacionlocal.es\/de\/das-cabildo-empfaengt-saharauische-kinder-aus-dem-programm-ferien-in-frieden\/","title":{"rendered":"Das Cabildo empf\u00e4ngt saharauische Kinder aus dem Programm &#8222;Ferien in Frieden"},"content":{"rendered":"<div class=\"entry-content\"><strong>29 Juli, 2025<\/strong><\/p>\n<p>Die Inselregierung von Fuerteventura hat heute acht saharauische Kinder empfangen, die dank des Programms &#8222;Ferien in Frieden&#8220; die Sommermonate auf der Insel verbringen. Die Initiative erm\u00f6glicht es den Kindern, einen Urlaub fernab von den schwierigen Bedingungen in den Fl\u00fcchtlingslagern in Tindouf (Algerien) zu genie\u00dfen, wo die Hitze \u00fcber 50 Grad Celsius erreichen kann. <\/p>\n<p>Die Begr\u00fc\u00dfungszeremonie fand im Plenarsaal des Cabildo statt, wo sie von der Pr\u00e4sidentin des Cabildo, Lola Garc\u00eda, dem Ratsmitglied f\u00fcr Soziales, V\u00edctor Alonso, sowie weiteren Ratsmitgliedern der Regierung und der Oppositionsfraktionen empfangen wurden. Die saharauische Gemeinschaft auf Fuerteventura wurde von ihrem Pr\u00e4sidenten Ahmed Hasenna, dem Delegierten der Polisario-Front auf Fuerteventura, Mohamed Ali Larbi, und Juan Valent\u00edn Cabrera von der Vereinigung Sahara Fuerte vertreten. <\/p>\n<p>Lola Garc\u00eda dankte der saharauischen Gemeinschaft daf\u00fcr, &#8222;dass sie weiterhin auf uns z\u00e4hlen, in einer Initiative, die nicht nur Solidarit\u00e4t mit diesen Kindern zeigt, sondern auch die Rechte von Minderj\u00e4hrigen und den jahrelangen Kampf des saharauischen Volkes sichtbar macht&#8220;.<\/p>\n<p>Sowohl Lola Garc\u00eda als auch V\u00edctor Alonso hoben den Wert dieses symbolischen Aktes hervor, der f\u00fcr uns sehr wichtig ist&#8220;, und dankten der saharauischen Gemeinschaft, den Pflegefamilien und Organisationen, die eine Initiative erm\u00f6glichen, die die Rechte der Kinder und den Kampf des saharauischen Volkes sichtbar macht&#8220;, so Garc\u00eda.<\/p>\n<p>W\u00e4hrend ihres Aufenthalts nehmen die Kinder an einer Vielzahl von Kultur- und Freizeitaktivit\u00e4ten teil, darunter Besuche von Sehensw\u00fcrdigkeiten auf der Insel und soziale Tage. Diese Aktivit\u00e4ten sollen den Kindern nicht nur eine bereichernde Erfahrung bieten, sondern auch ihre pers\u00f6nliche Entwicklung und ihr emotionales Wohlbefinden f\u00f6rdern. <\/p>\n<p>Das Programm &#8222;Ferien in Frieden&#8220; wird seit mehr als zwei Jahrzehnten auf Fuerteventura und den Kanarischen Inseln durchgef\u00fchrt und von der Kanarischen Gesellschaft f\u00fcr die Freundschaft mit dem saharauischen Volk und den verschiedenen saharauischen Delegationen gef\u00f6rdert. Jedes Jahr erm\u00f6glicht es Hunderten von Kindern, einen anderen Sommer zu erleben.   <\/p>\n<\/div>\n","protected":false},"excerpt":{"rendered":"<p>29 Juli, 2025 Die Inselregierung von Fuerteventura hat heute acht saharauische Kinder empfangen, die dank des Programms &#8222;Ferien in Frieden&#8220; die Sommermonate auf der Insel verbringen. Die Initiative erm\u00f6glicht es [&hellip;]<\/p>\n","protected":false},"author":1,"featured_media":8681,"comment_status":"open","ping_status":"open","sticky":false,"template":"","format":"standard","meta":{"inline_featured_image":false,"jnews-multi-image_gallery":[],"jnews_single_post":[],"jnews_primary_category":[],"jnews_social_meta":[],"jnews_override_counter":[],"jnews_post_split":[],"footnotes":""},"categories":[287],"tags":[216],"class_list":["post-8685","post","type-post","status-publish","format-standard","has-post-thumbnail","hentry","category-cabildo-de","tag-fuerteventura-de"],"jetpack_featured_media_url":"https:\/\/informacionlocal.es\/wp-content\/uploads\/2025\/07\/ggh.jpeg","_links":{"self":[{"href":"https:\/\/informacionlocal.es\/de\/wp-json\/wp\/v2\/posts\/8685","targetHints":{"allow":["GET"]}}],"collection":[{"href":"https:\/\/informacionlocal.es\/de\/wp-json\/wp\/v2\/posts"}],"about":[{"href":"https:\/\/informacionlocal.es\/de\/wp-json\/wp\/v2\/types\/post"}],"author":[{"embeddable":true,"href":"https:\/\/informacionlocal.es\/de\/wp-json\/wp\/v2\/users\/1"}],"replies":[{"embeddable":true,"href":"https:\/\/informacionlocal.es\/de\/wp-json\/wp\/v2\/comments?post=8685"}],"version-history":[{"count":0,"href":"https:\/\/informacionlocal.es\/de\/wp-json\/wp\/v2\/posts\/8685\/revisions"}],"wp:featuredmedia":[{"embeddable":true,"href":"https:\/\/informacionlocal.es\/de\/wp-json\/wp\/v2\/media\/8681"}],"wp:attachment":[{"href":"https:\/\/informacionlocal.es\/de\/wp-json\/wp\/v2\/media?parent=8685"}],"wp:term":[{"taxonomy":"category","embeddable":true,"href":"https:\/\/informacionlocal.es\/de\/wp-json\/wp\/v2\/categories?post=8685"},{"taxonomy":"post_tag","embeddable":true,"href":"https:\/\/informacionlocal.es\/de\/wp-json\/wp\/v2\/tags?post=8685"}],"curies":[{"name":"wp","href":"https:\/\/api.w.org\/{rel}","templated":true}]}}