{"id":8672,"date":"2025-07-29T16:06:28","date_gmt":"2025-07-29T15:06:28","guid":{"rendered":"https:\/\/informacionlocal.es\/der-inselrat-von-fuerteventura-fordert-das-ministerium-auf-die-qualitaet-der-dienstleistungen-im-kontrollturm-des-flughafens-zu-gewaehrleisten\/"},"modified":"2025-07-29T16:06:28","modified_gmt":"2025-07-29T15:06:28","slug":"der-inselrat-von-fuerteventura-fordert-das-ministerium-auf-die-qualitaet-der-dienstleistungen-im-kontrollturm-des-flughafens-zu-gewaehrleisten","status":"publish","type":"post","link":"https:\/\/informacionlocal.es\/de\/der-inselrat-von-fuerteventura-fordert-das-ministerium-auf-die-qualitaet-der-dienstleistungen-im-kontrollturm-des-flughafens-zu-gewaehrleisten\/","title":{"rendered":"Der Inselrat von Fuerteventura fordert das Ministerium auf, die Qualit\u00e4t der Dienstleistungen im Kontrollturm des Flughafens zu gew\u00e4hrleisten."},"content":{"rendered":"<div class=\"entry-content\"><strong>29 Juli, 2025<\/strong><\/p>\n<p>Die Pr\u00e4sidentin der Inselregierung von Fuerteventura, Lola Garc\u00eda, hat sich in einem Schreiben an den Minister f\u00fcr Verkehr und nachhaltige Mobilit\u00e4t, \u00d3scar Puente, gewandt und ihn gebeten, den Service der Flugsicherung auf dem Flughafen Fuerteventura unverz\u00fcglich zu \u00fcberpr\u00fcfen.<\/p>\n<p>Der Kontrollturm von Fuerteventura ist einer der T\u00fcrme, die die spanische Regierung seinerzeit privatisiert hat, trotz des Widerstands der lokalen Verwaltungen, einschlie\u00dflich des Cabildo von Fuerteventura selbst, die \u00fcber eine m\u00f6gliche Verschlechterung der Qualit\u00e4t des Dienstes besorgt waren.<\/p>\n<p>Nun hat die Gewerkschaft der Fluglotsen (USCA) vorsorglich die Aussetzung der Akkreditierung des privaten Unternehmens SAERCO, das Konzession\u00e4r des Towers auf Fuerteventura ist, und dessen Ersetzung durch das \u00f6ffentliche Unternehmen ENAIRE beantragt. Sie warnen davor, dass die Sicherheit des Betriebs auf den von SAERCO verwalteten Flugh\u00e4fen durch die Verschlechterung der Arbeitsbedingungen beeintr\u00e4chtigt werden k\u00f6nnte, die auf die finanziellen Probleme des Unternehmens zur\u00fcckzuf\u00fchren sind, die von diesem selbst vor Gericht einger\u00e4umt wurden. Auf den Kanarischen Inseln hat SAERCO den Zuschlag f\u00fcr die Flugsicherung auf den Flugh\u00e4fen von La Palma, Lanzarote und Fuerteventura erhalten.  <\/p>\n<p>&#8222;Auf Fuerteventura und sicher auch auf den anderen betroffenen Inseln verfolgen wir diese Nachricht mit gro\u00dfer Sorge, denn unsere Wirtschaft und generell unsere Lebensweise h\u00e4ngen direkt vom reibungslosen Funktionieren des Flughafens ab, angefangen bei seinem Kontrollturm&#8220;, so der Pr\u00e4sident des Cabildo.<\/p>\n<p>Deshalb fordert Lola Garc\u00eda &#8222;eine gr\u00fcndliche \u00dcberpr\u00fcfung der Bedingungen, unter denen diese Konzession erteilt wird, um die Sicherheit zu gew\u00e4hrleisten und das Notwendige zu tun, um den Betrieb als grundlegende \u00f6ffentliche Dienstleistung wiederherzustellen. Und zwar nicht nur vor\u00fcbergehend, wie die USCA vorschl\u00e4gt, sondern endg\u00fcltig. Und zwar unter genau den gleichen Bedingungen wie f\u00fcr die \u00fcbrigen spanischen Flugh\u00e4fen mit nicht privatisierten Kontrollt\u00fcrmen&#8220;.<\/p>\n<p>Lola Garc\u00eda erinnert daran, dass das Cabildo von Fuerteventura, wie auch die \u00fcbrigen Institutionen Fuerteventuras und der Kanarischen Inseln, sich bereits gegen die Privatisierung dieser grundlegenden Dienstleistungen ausgesprochen haben.<\/p>\n<\/div>\n","protected":false},"excerpt":{"rendered":"<p>29 Juli, 2025 Die Pr\u00e4sidentin der Inselregierung von Fuerteventura, Lola Garc\u00eda, hat sich in einem Schreiben an den Minister f\u00fcr Verkehr und nachhaltige Mobilit\u00e4t, \u00d3scar Puente, gewandt und ihn gebeten, [&hellip;]<\/p>\n","protected":false},"author":1,"featured_media":0,"comment_status":"open","ping_status":"open","sticky":false,"template":"","format":"standard","meta":{"inline_featured_image":false,"jnews-multi-image_gallery":[],"jnews_single_post":[],"jnews_primary_category":[],"jnews_social_meta":[],"jnews_override_counter":[],"jnews_post_split":[],"footnotes":""},"categories":[287],"tags":[216,198],"class_list":["post-8672","post","type-post","status-publish","format-standard","hentry","category-cabildo-de","tag-fuerteventura-de","tag-transport"],"jetpack_featured_media_url":"","_links":{"self":[{"href":"https:\/\/informacionlocal.es\/de\/wp-json\/wp\/v2\/posts\/8672","targetHints":{"allow":["GET"]}}],"collection":[{"href":"https:\/\/informacionlocal.es\/de\/wp-json\/wp\/v2\/posts"}],"about":[{"href":"https:\/\/informacionlocal.es\/de\/wp-json\/wp\/v2\/types\/post"}],"author":[{"embeddable":true,"href":"https:\/\/informacionlocal.es\/de\/wp-json\/wp\/v2\/users\/1"}],"replies":[{"embeddable":true,"href":"https:\/\/informacionlocal.es\/de\/wp-json\/wp\/v2\/comments?post=8672"}],"version-history":[{"count":0,"href":"https:\/\/informacionlocal.es\/de\/wp-json\/wp\/v2\/posts\/8672\/revisions"}],"wp:attachment":[{"href":"https:\/\/informacionlocal.es\/de\/wp-json\/wp\/v2\/media?parent=8672"}],"wp:term":[{"taxonomy":"category","embeddable":true,"href":"https:\/\/informacionlocal.es\/de\/wp-json\/wp\/v2\/categories?post=8672"},{"taxonomy":"post_tag","embeddable":true,"href":"https:\/\/informacionlocal.es\/de\/wp-json\/wp\/v2\/tags?post=8672"}],"curies":[{"name":"wp","href":"https:\/\/api.w.org\/{rel}","templated":true}]}}