{"id":8653,"date":"2025-07-29T13:00:28","date_gmt":"2025-07-29T12:00:28","guid":{"rendered":"https:\/\/informacionlocal.es\/der-stadtrat-von-la-oliva-schafft-es-die-geschaeftswelt-der-gemeinde-zu-vereinen-um-die-arbeit-von-limpiaventura-zum-schutz-und-zur-reinigung-der-kuesten-der-insel-zu-unterstuetzen\/"},"modified":"2025-07-29T13:00:28","modified_gmt":"2025-07-29T12:00:28","slug":"der-stadtrat-von-la-oliva-schafft-es-die-geschaeftswelt-der-gemeinde-zu-vereinen-um-die-arbeit-von-limpiaventura-zum-schutz-und-zur-reinigung-der-kuesten-der-insel-zu-unterstuetzen","status":"publish","type":"post","link":"https:\/\/informacionlocal.es\/de\/der-stadtrat-von-la-oliva-schafft-es-die-geschaeftswelt-der-gemeinde-zu-vereinen-um-die-arbeit-von-limpiaventura-zum-schutz-und-zur-reinigung-der-kuesten-der-insel-zu-unterstuetzen\/","title":{"rendered":"Der Stadtrat von La Oliva schafft es, die Gesch\u00e4ftswelt der Gemeinde zu vereinen, um die Arbeit von Limpiaventura zum Schutz und zur Reinigung der K\u00fcsten der Insel zu unterst\u00fctzen."},"content":{"rendered":"<p>Die Stadtverwaltung von La Oliva pr\u00e4sentiert \u00fcber die Abteilung Umwelt und Tourismus unter der Leitung von David Fajardo eine innovative Initiative der \u00f6ffentlich-privaten Zusammenarbeit zugunsten der Pflege und des Schutzes der nat\u00fcrlichen Umwelt der Insel. Das Projekt, das nach mehr als einem Jahr der Verwaltung ans Licht kommt, stellt Limpiaventura einen HILUX-Gel\u00e4ndewagen zur Verf\u00fcgung.   <\/p>\n<p>Mit dieser Ausr\u00fcstung wird der Verein seine regelm\u00e4\u00dfige M\u00fcllsammelarbeit entlang der K\u00fcste Fuerteventuras fortsetzen. Es sei auch darauf hingewiesen, dass das Umweltministerium vor einigen Jahren Limpiaventura im Rahmen eines \u00e4hnlichen Sponsoringmodells einen Anh\u00e4nger zur Verf\u00fcgung gestellt und damit den Grundstein f\u00fcr diese Kooperationsstrategie gelegt hat.   <\/p>\n<p>Der B\u00fcrgermeister von La Oliva, Isa\u00ed Blanco, betonte, dass &#8222;dieses Projekt die Art von sinnvoller Politik symbolisiert, f\u00fcr die wir eintreten: Kr\u00e4fte b\u00fcndeln, den Willen vereinen und diejenigen st\u00e4rken, die sich bereits f\u00fcr eine sauberere und nachhaltigere Gemeinde einsetzen&#8220;. Er f\u00fcgte hinzu, dass &#8222;der Kampf f\u00fcr die Umwelt ein Thema ist, das uns alle herausfordert, nicht nur unsere Nachbarn, sondern auch die Besucher unserer Insel, und deshalb feiern wir diesen gemeinsamen Erfolg mit Stolz&#8220;.   <\/p>\n<p>Der Stadtrat f\u00fcr Umwelt und Tourismus, David Fajardo, hob seinerseits die inspirierende Arbeit hervor, die Limpiaventura im Laufe der Jahre geleistet hat: &#8222;Sie sind ein Beispiel f\u00fcr echtes Engagement. Sie sind ein Beispiel f\u00fcr echtes Engagement. Ohne eine Gegenleistung zu verlangen, reinigen sie seit Jahren Str\u00e4nde und verschiedene Naturgebiete. Wir von der Stadtverwaltung haben verstanden, dass es unsere Aufgabe ist, ihnen nicht nur Beifall zu zollen, sondern ihnen auch Mittel zur Verf\u00fcgung zu stellen, die es ihnen erm\u00f6glichen, noch weiter zu gehen und es noch besser zu machen&#8220;.  <\/p>\n<p>Dar\u00fcber hinaus betont Fajardo das Endziel des Projekts, das \u00fcber eine einmalige Aktion hinausgeht: &#8222;Mit dieser Initiative verbessern wir nicht nur die von Limpiaventura geleistete Arbeit, sondern legen ein Modell auf den Tisch, das \u00fcberall dort nachgeahmt werden kann, wo es gebraucht wird. Dies ist ein klares Beispiel daf\u00fcr, dass eine Synergie zwischen der Wirtschaft, der Stadtverwaltung und den Verb\u00e4nden m\u00f6glich ist, wenn das Ziel darin besteht, sich f\u00fcr den Schutz unseres wertvollsten Gutes, der Natur, einzusetzen&#8220;.<\/p>\n<p>Diese Aktion bekr\u00e4ftigt somit das Engagement f\u00fcr eine partizipative Governance, bei der Allianzen mit B\u00fcrgergruppen und lokalen Unternehmen zu einem grundlegenden Instrument werden, um zu einem respektvolleren, bewussteren und gerechteren Entwicklungsmodell zu gelangen. Eine Initiative, die zur Nachahmung einl\u00e4dt, zugunsten des Umweltbewusstseins und einer Gesellschaft, die ihre aktive Rolle bei der \u00c4nderung der Spielregeln durch einen verantwortungsvollen Umgang mit ihrem nat\u00fcrlichen \u00d6kosystem erkennt. <\/p>\n","protected":false},"excerpt":{"rendered":"<p><span>Ein Projekt, das zeigt, dass die gemeinsame Arbeit von Verwaltung, Wirtschaft und Verb\u00e4nden durch die Pflege und Erhaltung unserer Naturr\u00e4ume unmittelbar zu einem positiven Ergebnis f\u00fchren kann.<\/span><\/p>\n","protected":false},"author":1,"featured_media":8649,"comment_status":"open","ping_status":"open","sticky":false,"template":"","format":"standard","meta":{"inline_featured_image":false,"jnews-multi-image_gallery":[],"jnews_single_post":[],"jnews_primary_category":[],"jnews_social_meta":[],"jnews_override_counter":[],"jnews_post_split":[],"footnotes":""},"categories":[291],"tags":[216,199],"class_list":["post-8653","post","type-post","status-publish","format-standard","has-post-thumbnail","hentry","category-la-oliva-de","tag-fuerteventura-de","tag-umwelt"],"jetpack_featured_media_url":"https:\/\/informacionlocal.es\/wp-content\/uploads\/2025\/07\/5225_edb3b4c2.png","_links":{"self":[{"href":"https:\/\/informacionlocal.es\/de\/wp-json\/wp\/v2\/posts\/8653","targetHints":{"allow":["GET"]}}],"collection":[{"href":"https:\/\/informacionlocal.es\/de\/wp-json\/wp\/v2\/posts"}],"about":[{"href":"https:\/\/informacionlocal.es\/de\/wp-json\/wp\/v2\/types\/post"}],"author":[{"embeddable":true,"href":"https:\/\/informacionlocal.es\/de\/wp-json\/wp\/v2\/users\/1"}],"replies":[{"embeddable":true,"href":"https:\/\/informacionlocal.es\/de\/wp-json\/wp\/v2\/comments?post=8653"}],"version-history":[{"count":0,"href":"https:\/\/informacionlocal.es\/de\/wp-json\/wp\/v2\/posts\/8653\/revisions"}],"wp:featuredmedia":[{"embeddable":true,"href":"https:\/\/informacionlocal.es\/de\/wp-json\/wp\/v2\/media\/8649"}],"wp:attachment":[{"href":"https:\/\/informacionlocal.es\/de\/wp-json\/wp\/v2\/media?parent=8653"}],"wp:term":[{"taxonomy":"category","embeddable":true,"href":"https:\/\/informacionlocal.es\/de\/wp-json\/wp\/v2\/categories?post=8653"},{"taxonomy":"post_tag","embeddable":true,"href":"https:\/\/informacionlocal.es\/de\/wp-json\/wp\/v2\/tags?post=8653"}],"curies":[{"name":"wp","href":"https:\/\/api.w.org\/{rel}","templated":true}]}}