{"id":8641,"date":"2025-07-29T10:59:07","date_gmt":"2025-07-29T09:59:07","guid":{"rendered":"https:\/\/informacionlocal.es\/antigua-wanderer-wandern-durch-die-siedlungen-und-schluchten-von-guisguey-nach-la-caldereta\/"},"modified":"2025-07-29T10:59:07","modified_gmt":"2025-07-29T09:59:07","slug":"antigua-wanderer-wandern-durch-die-siedlungen-und-schluchten-von-guisguey-nach-la-caldereta","status":"publish","type":"post","link":"https:\/\/informacionlocal.es\/de\/antigua-wanderer-wandern-durch-die-siedlungen-und-schluchten-von-guisguey-nach-la-caldereta\/","title":{"rendered":"Antigua-Wanderer wandern durch die Siedlungen und Schluchten von Guisguey nach La Caldereta"},"content":{"rendered":"<div class=\"elementor-widget-container\">\n<p><strong>Antiguas Wanderer wandern durch die Siedlungen und Schluchten von Guisguey bis La Caldereta<\/strong><br \/><strong>Das Wanderprogramm von Antigua se Mueve f\u00fcllt alle Orte auf jeder vorgeschlagenen Route.<\/strong><\/p>\n<p><strong>&#8211; Mehr als drei\u00dfig Wanderer, die sich f\u00fcr die vom Programm Antigua se Mueve vorgeschlagene Route angemeldet hatten, erkundeten an diesem Wochenende die Landschaft, die Geschichte, die Schluchten und die Siedlungen von Guisguey bis La Caldereta.  <\/strong><br \/><strong>&#8211; Jede von der Stadtverwaltung von Antigua organisierte &#8222;Antigua se Mueve&#8220;-Route bietet den Wanderern einen Transport, Erkl\u00e4rungen eines Wanderf\u00fchrers entlang der Strecke und einen Imbiss als Abschluss des Treffpunkts f\u00fcr die Wanderer.<\/strong><\/p>\n<p>An diesem Wochenende f\u00fcllten die Wanderer von Antigua erneut die Pl\u00e4tze des Programms &#8222;Antigua se Mueve&#8220;, indem sie die f\u00fcnfte vorgeschlagene Route des Programms &#8222;Antigua se Mueve&#8220; von Guisguey nach La Caldereta liefen. Dabei wurden sie von einem F\u00fchrer begleitet, der die Geschichte der Siedlungen, die Urspr\u00fcnge der Landwirtschaft und der Viehzucht in der Region und die geschichtlichen Momente der D\u00f6rfer, die entlang des Weges besucht wurden, erkl\u00e4rte.<\/p>\n<p>Die Abteilungen f\u00fcr Jugend und Sport der Stadtverwaltung von Antigua, die von den Stadtr\u00e4ten Pedro Armas und Samuel Torres koordiniert werden, organisieren diese Wanderaktivit\u00e4t &#8222;Antigua se mueve&#8220;. Sie bieten einen Plan mit gesunden Wanderungen unterschiedlicher Schwierigkeitsgrade und f\u00fcr alle Altersgruppen an, erleichtern die Anreise von Antigua aus, stellen ein Team von F\u00fchrern zur Verf\u00fcgung, die jeden Schritt auf dem Weg erkl\u00e4ren, und bieten ein abschlie\u00dfendes Mittagessen an, um wieder zu Kr\u00e4ften zu kommen, erkl\u00e4rt der B\u00fcrgermeister Mat\u00edas Pe\u00f1a.<\/p>\n<p>Die n\u00e4chste Route ist f\u00fcr Ende September geplant. Sie beginnt in Antigua und f\u00fchrt von Morro Janana nach Agua de Bueyes, eine vierzehn Kilometer lange Wanderung mit hohem Schwierigkeitsgrad, die in etwa f\u00fcnf Stunden zu bew\u00e4ltigen ist.<\/p>\n<p>Die kostenlose Anmeldung f\u00fcr jede vorgeschlagene Route ist immer f\u00fcnfzehn Tage im Voraus m\u00f6glich und kann im Rathaus von Antigua, im B\u00fcro des B\u00fcrgermeisters von Caleta de Fuste oder online erfolgen, wobei die in der Gemeinde registrierten Personen bevorzugt werden.<\/p>\n<\/p>\n<\/div>\n","protected":false},"excerpt":{"rendered":"<p><strong>Antigua-Wanderer wandern durch die Siedlungen und Schluchten von Guisguey nach La Caldereta<\/strong><\/p>\n","protected":false},"author":1,"featured_media":8637,"comment_status":"open","ping_status":"open","sticky":false,"template":"","format":"standard","meta":{"inline_featured_image":false,"jnews-multi-image_gallery":[],"jnews_single_post":[],"jnews_primary_category":[],"jnews_social_meta":[],"jnews_override_counter":[],"jnews_post_split":[],"footnotes":""},"categories":[283],"tags":[],"class_list":["post-8641","post","type-post","status-publish","format-standard","has-post-thumbnail","hentry","category-antigua-de"],"jetpack_featured_media_url":"https:\/\/informacionlocal.es\/wp-content\/uploads\/2025\/07\/img-20250728-wa0133.jpg","_links":{"self":[{"href":"https:\/\/informacionlocal.es\/de\/wp-json\/wp\/v2\/posts\/8641","targetHints":{"allow":["GET"]}}],"collection":[{"href":"https:\/\/informacionlocal.es\/de\/wp-json\/wp\/v2\/posts"}],"about":[{"href":"https:\/\/informacionlocal.es\/de\/wp-json\/wp\/v2\/types\/post"}],"author":[{"embeddable":true,"href":"https:\/\/informacionlocal.es\/de\/wp-json\/wp\/v2\/users\/1"}],"replies":[{"embeddable":true,"href":"https:\/\/informacionlocal.es\/de\/wp-json\/wp\/v2\/comments?post=8641"}],"version-history":[{"count":0,"href":"https:\/\/informacionlocal.es\/de\/wp-json\/wp\/v2\/posts\/8641\/revisions"}],"wp:featuredmedia":[{"embeddable":true,"href":"https:\/\/informacionlocal.es\/de\/wp-json\/wp\/v2\/media\/8637"}],"wp:attachment":[{"href":"https:\/\/informacionlocal.es\/de\/wp-json\/wp\/v2\/media?parent=8641"}],"wp:term":[{"taxonomy":"category","embeddable":true,"href":"https:\/\/informacionlocal.es\/de\/wp-json\/wp\/v2\/categories?post=8641"},{"taxonomy":"post_tag","embeddable":true,"href":"https:\/\/informacionlocal.es\/de\/wp-json\/wp\/v2\/tags?post=8641"}],"curies":[{"name":"wp","href":"https:\/\/api.w.org\/{rel}","templated":true}]}}