{"id":8628,"date":"2025-07-29T09:59:34","date_gmt":"2025-07-29T08:59:34","guid":{"rendered":"https:\/\/informacionlocal.es\/antigua-verlaengert-antragsfristen-fuer-bildungs-und-soziokulturelle-stipendien\/"},"modified":"2025-07-29T09:59:34","modified_gmt":"2025-07-29T08:59:34","slug":"antigua-verlaengert-antragsfristen-fuer-bildungs-und-soziokulturelle-stipendien","status":"publish","type":"post","link":"https:\/\/informacionlocal.es\/de\/antigua-verlaengert-antragsfristen-fuer-bildungs-und-soziokulturelle-stipendien\/","title":{"rendered":"Antigua verl\u00e4ngert Antragsfristen f\u00fcr Bildungs- und soziokulturelle Stipendien"},"content":{"rendered":"<div class=\"elementor-widget-container\">\n<p><strong>Antigua verl\u00e4ngert Antragsfristen f\u00fcr Bildungs- und soziokulturelle Stipendien<\/strong><\/p>\n<p><strong>&#8211; Zusch\u00fcsse f\u00fcr soziokulturelle Vereinigungen, Gruppen, Stiftungen und Ampas der Gemeinde Antigua k\u00f6nnen bis einschlie\u00dflich 2. August beantragt werden.<\/strong><br \/><strong>&#8211; Die Bildungsstipendien k\u00f6nnen bis einschlie\u00dflich 8. August beantragt werden.  <\/strong><br \/><strong>&#8211; Die Antr\u00e4ge m\u00fcssen \u00fcber das Rathaus von Antigua, die Tenencia de Alcald\u00eda in Caleta de Fuste oder \u00fcber die Website www.ayto-antigua.es eingereicht werden.<\/strong><\/p>\n<p>Das Rathaus von Antigua gibt bekannt, dass die Fristen f\u00fcr die Zusch\u00fcsse zur Deckung der Ausgaben der soziokulturellen Vereinigungen bis einschlie\u00dflich 2. August und f\u00fcr die Zusch\u00fcsse zur Deckung des Bedarfs im Bildungsbereich bis einschlie\u00dflich 8. August verl\u00e4ngert wurden.<\/p>\n<p>Der Stadtrat von Antigua hat f\u00fcr beide Aufrufe 90.000 Euro vorgesehen, f\u00fcr das Bildungsministerium 45.000 Euro und f\u00fcr das Kulturministerium 45.000 Euro, so B\u00fcrgermeister Mat\u00edas Pe\u00f1a, beide Bereiche werden von Stadtr\u00e4tin Am\u00e9rica Soto bzw. Stadtrat Jonathan Pe\u00f1a geleitet.<\/p>\n<p>Der Zuschuss f\u00fcr soziokulturelle Vereinigungen, Gruppen, Stiftungen und Ampas der Gemeinde Antigua zielt darauf ab, die Kosten f\u00fcr Ausbildung und k\u00fcnstlerische Aktivit\u00e4ten, Ausstellungen, Veranstaltungen, Ausfl\u00fcge, Theaterst\u00fccke, Konzerte und andere Vorschl\u00e4ge zu unterst\u00fctzen.<\/p>\n<p>Der Bildungszuschuss unterst\u00fctzt die Kosten f\u00fcr 2024\/2025 f\u00fcr die Unterbringung oder Bef\u00f6rderung von Studenten, die au\u00dferhalb der Insel oder der Gemeinde Antigua studieren, sowie den Kauf von Schulmaterial und Lehrb\u00fcchern f\u00fcr das akademische Jahr 2025\/2026, um die Studenten und ihre Familien in der Gemeinde zu unterst\u00fctzen und ihre Ausbildung und Kontinuit\u00e4t so weit wie m\u00f6glich zu f\u00f6rdern.<\/p>\n<p>Die Antr\u00e4ge m\u00fcssen \u00fcber das Rathaus von Antigua, die Tenencia de Alcald\u00eda in Caleta de Fuste oder \u00fcber die Website www.ayto-antigua.es eingereicht werden.<\/p>\n<\/div>\n","protected":false},"excerpt":{"rendered":"<p><strong>Antigua verl\u00e4ngert Antragsfristen f\u00fcr Bildungs- und soziokulturelle Stipendien<\/strong><\/p>\n","protected":false},"author":1,"featured_media":8625,"comment_status":"open","ping_status":"open","sticky":false,"template":"","format":"standard","meta":{"inline_featured_image":false,"jnews-multi-image_gallery":[],"jnews_single_post":[],"jnews_primary_category":[],"jnews_social_meta":[],"jnews_override_counter":[],"jnews_post_split":[],"footnotes":""},"categories":[283],"tags":[242,306],"class_list":["post-8628","post","type-post","status-publish","format-standard","has-post-thumbnail","hentry","category-antigua-de","tag-aufforderungen-zur-einreichung-von-bewerbungen","tag-educacion-de"],"jetpack_featured_media_url":"https:\/\/informacionlocal.es\/wp-content\/uploads\/2025\/07\/transporte-escolar-1-1.jpg","_links":{"self":[{"href":"https:\/\/informacionlocal.es\/de\/wp-json\/wp\/v2\/posts\/8628","targetHints":{"allow":["GET"]}}],"collection":[{"href":"https:\/\/informacionlocal.es\/de\/wp-json\/wp\/v2\/posts"}],"about":[{"href":"https:\/\/informacionlocal.es\/de\/wp-json\/wp\/v2\/types\/post"}],"author":[{"embeddable":true,"href":"https:\/\/informacionlocal.es\/de\/wp-json\/wp\/v2\/users\/1"}],"replies":[{"embeddable":true,"href":"https:\/\/informacionlocal.es\/de\/wp-json\/wp\/v2\/comments?post=8628"}],"version-history":[{"count":0,"href":"https:\/\/informacionlocal.es\/de\/wp-json\/wp\/v2\/posts\/8628\/revisions"}],"wp:featuredmedia":[{"embeddable":true,"href":"https:\/\/informacionlocal.es\/de\/wp-json\/wp\/v2\/media\/8625"}],"wp:attachment":[{"href":"https:\/\/informacionlocal.es\/de\/wp-json\/wp\/v2\/media?parent=8628"}],"wp:term":[{"taxonomy":"category","embeddable":true,"href":"https:\/\/informacionlocal.es\/de\/wp-json\/wp\/v2\/categories?post=8628"},{"taxonomy":"post_tag","embeddable":true,"href":"https:\/\/informacionlocal.es\/de\/wp-json\/wp\/v2\/tags?post=8628"}],"curies":[{"name":"wp","href":"https:\/\/api.w.org\/{rel}","templated":true}]}}