{"id":8579,"date":"2025-07-28T18:05:17","date_gmt":"2025-07-28T17:05:17","guid":{"rendered":"https:\/\/informacionlocal.es\/puerto-del-rosario-foerdert-die-nachhaltigkeit-im-laendlichen-raum-durch-die-installation-von-43-photovoltaik-strassenlampen\/"},"modified":"2025-07-28T18:05:17","modified_gmt":"2025-07-28T17:05:17","slug":"puerto-del-rosario-foerdert-die-nachhaltigkeit-im-laendlichen-raum-durch-die-installation-von-43-photovoltaik-strassenlampen","status":"publish","type":"post","link":"https:\/\/informacionlocal.es\/de\/puerto-del-rosario-foerdert-die-nachhaltigkeit-im-laendlichen-raum-durch-die-installation-von-43-photovoltaik-strassenlampen\/","title":{"rendered":"Puerto del Rosario f\u00f6rdert die Nachhaltigkeit im l\u00e4ndlichen Raum durch die Installation von 43 Photovoltaik-Stra\u00dfenlampen."},"content":{"rendered":"<div class=\"entry-content\">\n<p>Die Stadtverwaltung von Puerto del Rosario hat mit der Installation von <strong>43 neuen Photovoltaik-Stra\u00dfenlaternen<\/strong> in verschiedenen l\u00e4ndlichen Gebieten der Gemeinde begonnen, ein Projekt, das das Engagement der Gemeinde f\u00fcr die Energiewende und die nachhaltige Entwicklung in l\u00e4ndlichen Gebieten bekr\u00e4ftigt.<\/p>\n<p>Diese Aktion wurde <strong>von der Maxorata-Gruppe f\u00fcr l\u00e4ndliche Entwicklung bezuschusst<\/strong> und ist Teil der <strong>Gemeinschaftsinitiative LEADER<\/strong>, die eine europ\u00e4ische Kofinanzierung zur Wiederbelebung l\u00e4ndlicher Gebiete durch innovative und nachhaltige L\u00f6sungen erm\u00f6glicht.<\/p>\n<p>Der B\u00fcrgermeister der Gemeinde, <strong>David de Vera<\/strong>, bedankte sich f\u00fcr die Unterst\u00fctzung durch die RDG Maxorata und betonte, dass  <em><strong>&#8222;Dieses Projekt bringt saubere, moderne Energie in unsere D\u00f6rfer<\/strong>. Die mit LEADER-Mitteln finanzierten Photovoltaik-Stra\u00dfenlampen sind ein gutes Beispiel daf\u00fcr, wie die institutionelle Zusammenarbeit die Lebensqualit\u00e4t in unseren l\u00e4ndlichen Gebieten verbessern kann&#8220;. <\/em><\/p>\n<p><strong>Strenge Rechtsprechung und eine umfassende L\u00f6sung<\/strong><\/p>\n<p><strong> <\/strong>Die Stadtr\u00e4tin f\u00fcr Auftragsvergabe, <strong>Mar\u00eda Franco<\/strong>, betonte, dass die Auftragsvergabe im Rahmen eines &#8222;<strong><em>strengen und transparenten<\/em><\/strong>&#8220; <strong>SEDANE 2000 S.L.<\/strong>, ein Unternehmen, das auf nachhaltige technologische L\u00f6sungen spezialisiert ist, wurde ausgew\u00e4hlt.  <em>&#8222;Der Vertrag umfasst sowohl die Lieferung als auch die Installation der Stra\u00dfenbeleuchtung und gew\u00e4hrleistet einen <strong>umfassenden und effizienten Service<\/strong>. Er ist ein Beispiel daf\u00fcr, wie wir europ\u00e4ische Gelder verantwortungsvoll und transparent einsetzen&#8220;,   <\/em>f\u00fcgte er hinzu.<\/p>\n<p><strong>Effiziente Technologie, die die Umwelt sch\u00fctzt<\/strong><\/p>\n<p><strong> <\/strong>Der Stadtrat f\u00fcr Dienstleistungen und St\u00e4dte und Nachbarschaften, <strong>David de Le\u00f3n<\/strong>, erl\u00e4uterte die technischen Merkmale dieser neuen Leuchten: &#8222;<em>Mit einer <strong>Farbtemperatur von 2700 Kelvin<\/strong> sorgen diese Laternen nicht nur f\u00fcr die n\u00f6tige Beleuchtung an Zug\u00e4ngen und Kreuzungen im l\u00e4ndlichen Raum, sondern <strong>reduzieren<\/strong> auch <strong>die Lichtverschmutzung<\/strong> und tragen so zu einem besseren Schutz des Nachthimmels bei. Diese Technologie steht im Einklang mit den Kriterien der <strong>Starlight Reserve<\/strong>&#8222;. <\/em><\/p>\n<p><strong>Respektvolle, der Landschaft angepasste Gestaltung<\/strong><\/p>\n<p><strong> <\/strong>Die Stadtr\u00e4tin f\u00fcr Bauwesen, <strong>Ana Hern\u00e1ndez<\/strong>, wies ihrerseits darauf hin, dass das gew\u00e4hlte Modell der Stra\u00dfenlaterne <strong>&#8222;Villa&#8220;<\/strong> sich bei fr\u00fcheren Installationen bew\u00e4hrt hat. <em>&#8222;Es handelt sich um ein traditionelles Design, das <strong>nachhaltige Technologie und Energieeffizienz<\/strong> integriert und eine \u00e4sthetische Harmonisierung mit der l\u00e4ndlichen Umgebung der Gemeinde erreicht.<\/em><\/p>\n<p><strong>Nachhaltige Modernisierung mit l\u00e4ndlicher Identit\u00e4t<\/strong><\/p>\n<p><strong> <\/strong>Mit dieser Aktion macht die Stadtverwaltung von Puerto del Rosario Fortschritte bei ihrer Strategie zur Umsetzung der <strong>Ziele f\u00fcr nachhaltige Entwicklung (SDGs)<\/strong> in l\u00e4ndlichen Gebieten. Wir zeigen, dass es m\u00f6glich ist, unsere D\u00f6rfer zu modernisieren, ohne ihr Wesen zu verlieren oder die Umwelt zu gef\u00e4hrden. <\/p>\n<\/div>\n","protected":false},"excerpt":{"rendered":"<p>Die Stadtverwaltung von Puerto del Rosario hat mit der Installation von 43 neuen Photovoltaik-Stra\u00dfenlaternen in verschiedenen l\u00e4ndlichen Gebieten der Gemeinde begonnen, ein Projekt, das das Engagement der Gemeinde f\u00fcr die [&hellip;]<\/p>\n","protected":false},"author":1,"featured_media":8577,"comment_status":"open","ping_status":"open","sticky":false,"template":"","format":"standard","meta":{"inline_featured_image":false,"jnews-multi-image_gallery":[],"jnews_single_post":[],"jnews_primary_category":[],"jnews_social_meta":[],"jnews_override_counter":[],"jnews_post_split":[],"footnotes":""},"categories":[293],"tags":[199],"class_list":["post-8579","post","type-post","status-publish","format-standard","has-post-thumbnail","hentry","category-puerto-del-rosario-de","tag-umwelt"],"jetpack_featured_media_url":"https:\/\/informacionlocal.es\/wp-content\/uploads\/2025\/07\/farolas-titu-fotov-tetir-0725.jpg","_links":{"self":[{"href":"https:\/\/informacionlocal.es\/de\/wp-json\/wp\/v2\/posts\/8579","targetHints":{"allow":["GET"]}}],"collection":[{"href":"https:\/\/informacionlocal.es\/de\/wp-json\/wp\/v2\/posts"}],"about":[{"href":"https:\/\/informacionlocal.es\/de\/wp-json\/wp\/v2\/types\/post"}],"author":[{"embeddable":true,"href":"https:\/\/informacionlocal.es\/de\/wp-json\/wp\/v2\/users\/1"}],"replies":[{"embeddable":true,"href":"https:\/\/informacionlocal.es\/de\/wp-json\/wp\/v2\/comments?post=8579"}],"version-history":[{"count":0,"href":"https:\/\/informacionlocal.es\/de\/wp-json\/wp\/v2\/posts\/8579\/revisions"}],"wp:featuredmedia":[{"embeddable":true,"href":"https:\/\/informacionlocal.es\/de\/wp-json\/wp\/v2\/media\/8577"}],"wp:attachment":[{"href":"https:\/\/informacionlocal.es\/de\/wp-json\/wp\/v2\/media?parent=8579"}],"wp:term":[{"taxonomy":"category","embeddable":true,"href":"https:\/\/informacionlocal.es\/de\/wp-json\/wp\/v2\/categories?post=8579"},{"taxonomy":"post_tag","embeddable":true,"href":"https:\/\/informacionlocal.es\/de\/wp-json\/wp\/v2\/tags?post=8579"}],"curies":[{"name":"wp","href":"https:\/\/api.w.org\/{rel}","templated":true}]}}