{"id":8568,"date":"2025-07-28T16:58:31","date_gmt":"2025-07-28T15:58:31","guid":{"rendered":"https:\/\/informacionlocal.es\/das-rathaus-von-pajara-vergibt-die-freestyle-preise-der-37-ausgabe-der-weltmeisterschaft-im-windsurfen-und-wingfoil\/"},"modified":"2025-07-28T16:58:31","modified_gmt":"2025-07-28T15:58:31","slug":"das-rathaus-von-pajara-vergibt-die-freestyle-preise-der-37-ausgabe-der-weltmeisterschaft-im-windsurfen-und-wingfoil","status":"publish","type":"post","link":"https:\/\/informacionlocal.es\/de\/das-rathaus-von-pajara-vergibt-die-freestyle-preise-der-37-ausgabe-der-weltmeisterschaft-im-windsurfen-und-wingfoil\/","title":{"rendered":"Das Rathaus von P\u00e1jara vergibt die FreeStyle-Preise der 37. Ausgabe der Weltmeisterschaft im Windsurfen und Wingfoil"},"content":{"rendered":"<div class=\"entry-content\">\n<p><b><i>Yentel Caers und Sarah-Quita Offringa werden Meister in einem Wettbewerb, der P\u00e1jara als internationale Referenz f\u00fcr den Wassersport festigt.<\/i><\/b><\/p>\n<p><span>Am Sonntag, den 27. Juli, wurden im Rathaus von P\u00e1jara die Preise in der Kategorie FreeStyle der 37. Auflage der Windsurfing- und Wingfoil-Meisterschaft von Fuerteventura verliehen, die am Strand von La Barca stattfand und an der Elitesportler aus verschiedenen L\u00e4ndern teilnahmen.  <\/span><\/p>\n<p><span>An einem Tag, der durch optimale Wetterbedingungen und ein hohes Wettbewerbsniveau gekennzeichnet war, wurden die Fahrer Yentel Caers und Sarah-Quita Offringa zu Weltmeistern in ihren jeweiligen Kategorien gek\u00fcrt. Bei den M\u00e4nnern wurde der belgische Athlet vom Italiener Jacopo Testa auf den zweiten Platz und von seinem Landsmann Steven Van Broeckhoven auf den dritten Platz begleitet. <\/span><\/p>\n<p><span>Bei den Frauen hingegen wurde Sarah-Quita Offringa aus Aruba von Maaike Huvermann aus den Niederlanden auf den zweiten Platz verwiesen, w\u00e4hrend Lisa Kloster das Podium komplettierte.  <\/span><\/p>\n<p><span>An der Veranstaltung nahmen hochrangige Vertreter des Rathauses von P\u00e1jara und des Inselrats von Fuerteventura teil, darunter die Stadtr\u00e4tin f\u00fcr Tourismus, Marlene Figueroa, und die Stadtr\u00e4tin f\u00fcr Barrierefreiheit, Carmen Alonso. Sie \u00fcberreichten den Athleten die Preise und hoben sowohl die sportliche Qualit\u00e4t der Veranstaltung als auch ihren strategischen Wert f\u00fcr die F\u00f6rderung der Gemeinde und der Insel hervor.   <\/span><\/p>\n<p><span>Die Stadtr\u00e4tin f\u00fcr Tourismus, Tina Da Silva, hob die positiven Auswirkungen dieser Art von Veranstaltung hervor, die die Gemeinde als &#8222;herausragendes Reiseziel&#8220; qualifiziert. &#8222;Abgesehen von den direkten Auswirkungen auf die Belegung der Hotels und die lokale Wirtschaft erzeugt diese Meisterschaft eine internationale Medienpr\u00e4senz, die nur wenige Sportereignisse erreichen k\u00f6nnen&#8220;, sagte sie.   <\/span><\/p>\n<p><span>Der Stadtrat f\u00fcr Sport, Jos\u00e9 Benito Alonso, sch\u00e4tzte die Qualit\u00e4t der Athleten, die, wie er sagte, &#8222;best\u00e4tigen, dass diese Meisterschaft eine Weltreferenz ist&#8220;. &#8222;Vom Konsistorium aus werden wir weiterhin den Profisport unterst\u00fctzen und gleichzeitig die Aus\u00fcbung unter unserer Jugend f\u00f6rdern&#8220;, f\u00fcgte er hinzu.   <\/span><\/p>\n<p><span>Der B\u00fcrgermeister von P\u00e1jara, Alejandro Jorge, hob die internationale Ausstrahlung dieser Meisterschaft hervor und betonte, dass &#8222;sie unser Engagement f\u00fcr ein Modell widerspiegelt, das Sport, Tourismus und Nachhaltigkeit vereint. &#8222;Der Strand von Sotavento ist eine privilegierte nat\u00fcrliche Enklave, die es uns dank ihrer einzigartigen Bedingungen erm\u00f6glicht, Wettk\u00e4mpfe auf h\u00f6chstem Niveau zu veranstalten und weiterhin Tausende von Besuchern aus der ganzen Welt anzuziehen&#8220;, bemerkte er.  <\/span><\/p>\n<p><span>Das Sportprogramm der Meisterschaft wird diese Woche mit der Feier des Wingfoil fortgesetzt, einer wachsenden Disziplin, die Geschwindigkeit, Technik und Geschicklichkeit auf dem Wasser kombiniert. Der Stadtrat verst\u00e4rkt weiterhin seine Unterst\u00fctzung f\u00fcr den Wassersport und festigt die Position der Stadt als Austragungsort f\u00fcr Sportereignisse von Weltklasse.   <\/span><\/p>\n<\/div>\n","protected":false},"excerpt":{"rendered":"<p><i>Yentel Caers und Sarah-Quita Offringa werden Meister in einem Wettbewerb, der P\u00e1jara als internationale Referenz f\u00fcr den Wassersport festigt.<\/i><\/p>\n","protected":false},"author":1,"featured_media":8565,"comment_status":"open","ping_status":"open","sticky":false,"template":"","format":"standard","meta":{"inline_featured_image":false,"jnews-multi-image_gallery":[],"jnews_single_post":[],"jnews_primary_category":[],"jnews_social_meta":[],"jnews_override_counter":[],"jnews_post_split":[],"footnotes":""},"categories":[297],"tags":[303,216,343,230],"class_list":["post-8568","post","type-post","status-publish","format-standard","has-post-thumbnail","hentry","category-pajara-de","tag-eventos-de","tag-fuerteventura-de","tag-sport-de","tag-tourismus"],"jetpack_featured_media_url":"https:\/\/informacionlocal.es\/wp-content\/uploads\/2025\/07\/whatsapp-image-2025-07-27-at-16-30-33-1-scaled-1.jpeg","_links":{"self":[{"href":"https:\/\/informacionlocal.es\/de\/wp-json\/wp\/v2\/posts\/8568","targetHints":{"allow":["GET"]}}],"collection":[{"href":"https:\/\/informacionlocal.es\/de\/wp-json\/wp\/v2\/posts"}],"about":[{"href":"https:\/\/informacionlocal.es\/de\/wp-json\/wp\/v2\/types\/post"}],"author":[{"embeddable":true,"href":"https:\/\/informacionlocal.es\/de\/wp-json\/wp\/v2\/users\/1"}],"replies":[{"embeddable":true,"href":"https:\/\/informacionlocal.es\/de\/wp-json\/wp\/v2\/comments?post=8568"}],"version-history":[{"count":0,"href":"https:\/\/informacionlocal.es\/de\/wp-json\/wp\/v2\/posts\/8568\/revisions"}],"wp:featuredmedia":[{"embeddable":true,"href":"https:\/\/informacionlocal.es\/de\/wp-json\/wp\/v2\/media\/8565"}],"wp:attachment":[{"href":"https:\/\/informacionlocal.es\/de\/wp-json\/wp\/v2\/media?parent=8568"}],"wp:term":[{"taxonomy":"category","embeddable":true,"href":"https:\/\/informacionlocal.es\/de\/wp-json\/wp\/v2\/categories?post=8568"},{"taxonomy":"post_tag","embeddable":true,"href":"https:\/\/informacionlocal.es\/de\/wp-json\/wp\/v2\/tags?post=8568"}],"curies":[{"name":"wp","href":"https:\/\/api.w.org\/{rel}","templated":true}]}}