{"id":8543,"date":"2025-07-28T12:58:42","date_gmt":"2025-07-28T11:58:42","guid":{"rendered":"https:\/\/informacionlocal.es\/die-viehzuechter-von-mancomun-feiern-ein-praechtiges-fest-im-tal-von-la-cueva\/"},"modified":"2025-07-28T12:58:42","modified_gmt":"2025-07-28T11:58:42","slug":"die-viehzuechter-von-mancomun-feiern-ein-praechtiges-fest-im-tal-von-la-cueva","status":"publish","type":"post","link":"https:\/\/informacionlocal.es\/de\/die-viehzuechter-von-mancomun-feiern-ein-praechtiges-fest-im-tal-von-la-cueva\/","title":{"rendered":"Die Viehz\u00fcchter von Mancom\u00fan feiern ein pr\u00e4chtiges Fest im Tal von La Cueva"},"content":{"rendered":"<div class=\"elementor-widget-container\">\n<p><strong>Die Viehz\u00fcchter von Mancom\u00fan feiern ein pr\u00e4chtiges Fest im Tal von La Cueva<\/strong><\/p>\n<p><strong>&#8211; Zahlreiche Landwirte, Hunderte von Ziegen und eine gro\u00dfartige Atmosph\u00e4re bei der Apa\u00f1ada, die dieses Wochenende im Valle de La Cueva stattfand.<\/strong><\/p>\n<p><strong>&#8211; Der B\u00fcrgermeister von Antigua, Mat\u00edas Pe\u00f1a, nahm zusammen mit dem Stadtrat f\u00fcr den Prim\u00e4rsektor an der Hygienekontrolle und der Impfung von Ziegen, Ziegenb\u00f6cken und einigen B\u00f6cken teil.<\/strong><\/p>\n<p><strong>&#8211; Pedro Moseguez, Kommissar f\u00fcr den Gemeinsamen Markt des S\u00fcdens, koordinierte die Konten und Markierungen, begleitet auch vom Kommissar f\u00fcr den Norden, Tom\u00e1s Acosta.<\/strong><\/p>\n<p>In Antigua ist die Tradition der &#8222;apa\u00f1adas&#8220; noch immer lebendig, was sich an diesem Wochenende durch die zahlreichen teilnehmenden Z\u00fcchter und Hunderte von K\u00fcstenziegen zeigte, die sich in der Gambuesa del Valle de la Cueva versammelten, wo alle Tiere Gesundheitschecks und Impfungen unterzogen wurden.<\/p>\n<p>B\u00fcrgermeister Mat\u00edas Pe\u00f1a und der Stadtrat f\u00fcr den Prim\u00e4rsektor, Fernando Estupi\u00f1\u00e1n, begleiteten die Landwirte bei der Arbeit, die von Kommissar Pedro Moseguez koordiniert wurde, und begr\u00fc\u00dften die Anwesenheit von Kommissar Tom\u00e1s Acosta, der sich gerade von seiner Rekonvaleszenz erholt hat.<\/p>\n<p>Neben den \u00e4lteren Z\u00fcchtern nahmen auch junge Leute teil, die, wie der B\u00fcrgermeister betonte, hoffentlich die Kontinuit\u00e4t einer Tradition wie die der Ziegenherden an der K\u00fcste des Mancom\u00fan aufrechterhalten, eine T\u00e4tigkeit, die die Kreuzung und Gesundheit der Tiere erm\u00f6glicht.<\/p>\n<p>Erfahrung, Jugend und eine gro\u00dfartige Atmosph\u00e4re, so Mat\u00edas Pe\u00f1a, in einer sehr angenehmen Veranstaltung, bei der hart und unter der Sonne gearbeitet wurde und die, wie es nicht anders sein konnte, mit einem gut gedeckten Tisch mit Holzofenbrot, Kartoffeln mit Mojo, K\u00e4se und nat\u00fcrlich Ziegenfleischeintopf mit Kartoffeln endete.<\/p>\n<\/p>\n<\/div>\n","protected":false},"excerpt":{"rendered":"<p><strong>Die Viehz\u00fcchter von Mancom\u00fan feiern ein pr\u00e4chtiges Fest im Tal von La Cueva<\/strong><\/p>\n","protected":false},"author":1,"featured_media":8541,"comment_status":"open","ping_status":"open","sticky":false,"template":"","format":"standard","meta":{"inline_featured_image":false,"jnews-multi-image_gallery":[],"jnews_single_post":[],"jnews_primary_category":[],"jnews_social_meta":[],"jnews_override_counter":[],"jnews_post_split":[],"footnotes":""},"categories":[283],"tags":[],"class_list":["post-8543","post","type-post","status-publish","format-standard","has-post-thumbnail","hentry","category-antigua-de"],"jetpack_featured_media_url":"https:\/\/informacionlocal.es\/wp-content\/uploads\/2025\/07\/00-apanada-en-el-valle-de-la-cueva-6-scaled-1.jpg","_links":{"self":[{"href":"https:\/\/informacionlocal.es\/de\/wp-json\/wp\/v2\/posts\/8543","targetHints":{"allow":["GET"]}}],"collection":[{"href":"https:\/\/informacionlocal.es\/de\/wp-json\/wp\/v2\/posts"}],"about":[{"href":"https:\/\/informacionlocal.es\/de\/wp-json\/wp\/v2\/types\/post"}],"author":[{"embeddable":true,"href":"https:\/\/informacionlocal.es\/de\/wp-json\/wp\/v2\/users\/1"}],"replies":[{"embeddable":true,"href":"https:\/\/informacionlocal.es\/de\/wp-json\/wp\/v2\/comments?post=8543"}],"version-history":[{"count":0,"href":"https:\/\/informacionlocal.es\/de\/wp-json\/wp\/v2\/posts\/8543\/revisions"}],"wp:featuredmedia":[{"embeddable":true,"href":"https:\/\/informacionlocal.es\/de\/wp-json\/wp\/v2\/media\/8541"}],"wp:attachment":[{"href":"https:\/\/informacionlocal.es\/de\/wp-json\/wp\/v2\/media?parent=8543"}],"wp:term":[{"taxonomy":"category","embeddable":true,"href":"https:\/\/informacionlocal.es\/de\/wp-json\/wp\/v2\/categories?post=8543"},{"taxonomy":"post_tag","embeddable":true,"href":"https:\/\/informacionlocal.es\/de\/wp-json\/wp\/v2\/tags?post=8543"}],"curies":[{"name":"wp","href":"https:\/\/api.w.org\/{rel}","templated":true}]}}