{"id":8519,"date":"2025-07-26T02:58:32","date_gmt":"2025-07-26T01:58:32","guid":{"rendered":"https:\/\/informacionlocal.es\/puerto-del-rosario-engagiert-sich-mit-einem-camp-das-bis-ende-august-laeuft-fuer-den-breitensport\/"},"modified":"2025-07-26T02:58:32","modified_gmt":"2025-07-26T01:58:32","slug":"puerto-del-rosario-engagiert-sich-mit-einem-camp-das-bis-ende-august-laeuft-fuer-den-breitensport","status":"publish","type":"post","link":"https:\/\/informacionlocal.es\/de\/puerto-del-rosario-engagiert-sich-mit-einem-camp-das-bis-ende-august-laeuft-fuer-den-breitensport\/","title":{"rendered":"Puerto del Rosario engagiert sich mit einem Camp, das bis Ende August l\u00e4uft, f\u00fcr den Breitensport."},"content":{"rendered":"<div class=\"entry-content\">\n<p><strong>Die Pl\u00e4tze von Las Granadas werden das ganze Jahr \u00fcber ge\u00f6ffnet sein, und es wird eine neue st\u00e4dtische Tennis- und Padelschule geben.<\/strong><\/p>\n<p>Der B\u00fcrgermeister von Puerto del Rosario, <strong>David de Vera<\/strong>, und der Stadtrat f\u00fcr Sport, <strong>Luis Chac\u00f3n<\/strong>, besuchten am Freitagmorgen, den 25. Juli, die Sportanlagen von <strong>Las Granadas<\/strong>, einem der wichtigsten Orte, an denen die Aktivit\u00e4ten des <strong>Sommercamps und des Sport 2025<\/strong> stattfinden.<\/p>\n<p>Dieses Camp, das vom <strong>14. Juli bis zum 30. August<\/strong> von <strong>07:30 bis 15:15 Uhr<\/strong> stattfindet, bietet ein Bildungs-, Freizeit- und Sportprogramm f\u00fcr die Kinder der Gemeinde, das auf verschiedene Orte im Gemeindegebiet verteilt ist. Im Fall von <strong>Las Granadas<\/strong> sind die Aktivit\u00e4ten auf Sportarten wie <strong>Tennis<\/strong> und <strong>Paddle-Tennis<\/strong> ausgerichtet, die in diesem Jahr besonders beliebt sind. <\/p>\n<p>Bei ihrem Besuch auf den Pl\u00e4tzen \u00fcberzeugten sich der B\u00fcrgermeister und der Stadtrat vom guten Verlauf des Sportbetriebs und teilten ihre Eindr\u00fccke mit dem zust\u00e4ndigen technischen Team. Sie k\u00fcndigten auch die bevorstehende <strong>Gr\u00fcndung der st\u00e4dtischen Tennis- und Paddle-Tennis-Schule<\/strong> an, die das <strong>ganze Jahr \u00fcber<\/strong> in Betrieb sein wird, um das stabile Sportangebot der Gemeinde zu erweitern und die Nutzung dieser Anlagen \u00fcber die Sommermonate hinaus zu festigen. <\/p>\n<p>David de Vera betonte, dass &#8222;das Engagement f\u00fcr aktive Sportinfrastrukturen w\u00e4hrend des ganzen Jahres eine Priorit\u00e4t ist, nicht nur um den Breitensport zu f\u00f6rdern, sondern auch um gesunde Gewohnheiten zu unterst\u00fctzen und die Rolle des Sports als Erziehungsinstrument zu st\u00e4rken&#8220;.<\/p>\n<p>Luis Chac\u00f3n f\u00fcgte hinzu, dass &#8222;die Einrichtung der st\u00e4dtischen Schule einer wachsenden Nachfrage entspricht und dem Willen des Rathauses entspricht, zug\u00e4ngliche und gut verwaltete R\u00e4ume f\u00fcr regelm\u00e4\u00dfige Sport\u00fcbungen anzubieten&#8220;.<\/p>\n<p>Mit dieser Initiative bekr\u00e4ftigt die Stadtverwaltung von Puerto del Rosario ihr Engagement f\u00fcr die Entwicklung des lokalen Sports, die Wiederbelebung der st\u00e4dtischen Einrichtungen und das Wohlbefinden der B\u00fcrger zu jeder Jahreszeit.<\/p>\n<\/div>\n","protected":false},"excerpt":{"rendered":"<p>Die Pl\u00e4tze von Las Granadas werden das ganze Jahr \u00fcber ge\u00f6ffnet sein, und es wird eine neue st\u00e4dtische Tennis- und Padelschule geben. Der B\u00fcrgermeister von Puerto del Rosario, David de [&hellip;]<\/p>\n","protected":false},"author":1,"featured_media":8517,"comment_status":"open","ping_status":"open","sticky":false,"template":"","format":"standard","meta":{"inline_featured_image":false,"jnews-multi-image_gallery":[],"jnews_single_post":[],"jnews_primary_category":[],"jnews_social_meta":[],"jnews_override_counter":[],"jnews_post_split":[],"footnotes":""},"categories":[293],"tags":[],"class_list":["post-8519","post","type-post","status-publish","format-standard","has-post-thumbnail","hentry","category-puerto-del-rosario-de"],"jetpack_featured_media_url":"https:\/\/informacionlocal.es\/wp-content\/uploads\/2025\/07\/granadas-titu-alcalde-y-luis-0725.jpg","_links":{"self":[{"href":"https:\/\/informacionlocal.es\/de\/wp-json\/wp\/v2\/posts\/8519","targetHints":{"allow":["GET"]}}],"collection":[{"href":"https:\/\/informacionlocal.es\/de\/wp-json\/wp\/v2\/posts"}],"about":[{"href":"https:\/\/informacionlocal.es\/de\/wp-json\/wp\/v2\/types\/post"}],"author":[{"embeddable":true,"href":"https:\/\/informacionlocal.es\/de\/wp-json\/wp\/v2\/users\/1"}],"replies":[{"embeddable":true,"href":"https:\/\/informacionlocal.es\/de\/wp-json\/wp\/v2\/comments?post=8519"}],"version-history":[{"count":0,"href":"https:\/\/informacionlocal.es\/de\/wp-json\/wp\/v2\/posts\/8519\/revisions"}],"wp:featuredmedia":[{"embeddable":true,"href":"https:\/\/informacionlocal.es\/de\/wp-json\/wp\/v2\/media\/8517"}],"wp:attachment":[{"href":"https:\/\/informacionlocal.es\/de\/wp-json\/wp\/v2\/media?parent=8519"}],"wp:term":[{"taxonomy":"category","embeddable":true,"href":"https:\/\/informacionlocal.es\/de\/wp-json\/wp\/v2\/categories?post=8519"},{"taxonomy":"post_tag","embeddable":true,"href":"https:\/\/informacionlocal.es\/de\/wp-json\/wp\/v2\/tags?post=8519"}],"curies":[{"name":"wp","href":"https:\/\/api.w.org\/{rel}","templated":true}]}}