{"id":8484,"date":"2025-07-25T18:59:06","date_gmt":"2025-07-25T17:59:06","guid":{"rendered":"https:\/\/informacionlocal.es\/das-rathaus-von-pajara-bedauert-die-unvernunft-und-verantwortungslosigkeit-von-pablo-rodriguez-in-bezug-auf-die-staedtebauliche-situation-in-la-lajita\/"},"modified":"2025-07-25T18:59:06","modified_gmt":"2025-07-25T17:59:06","slug":"das-rathaus-von-pajara-bedauert-die-unvernunft-und-verantwortungslosigkeit-von-pablo-rodriguez-in-bezug-auf-die-staedtebauliche-situation-in-la-lajita","status":"publish","type":"post","link":"https:\/\/informacionlocal.es\/de\/das-rathaus-von-pajara-bedauert-die-unvernunft-und-verantwortungslosigkeit-von-pablo-rodriguez-in-bezug-auf-die-staedtebauliche-situation-in-la-lajita\/","title":{"rendered":"Das Rathaus von P\u00e1jara bedauert die Unvernunft und Verantwortungslosigkeit von Pablo Rodr\u00edguez in Bezug auf die st\u00e4dtebauliche Situation in La Lajita."},"content":{"rendered":"<div class=\"entry-content\">\n<p><b><i>Die Stadtverwaltung bittet den Stadtrat, seine Bem\u00fchungen auf Investitionen in den Hafen von Morro Jable und auf die F\u00f6rderung der Stra\u00dfenabschnitte zwischen dieser Infrastruktur und dem Aldiana Club sowie zwischen Matas Blancas und Cuchillete zu konzentrieren.  <\/i><\/b><\/p>\n<p><span>Der Stadtrat von P\u00e1jara bringt seine tiefe Unzufriedenheit mit den j\u00fcngsten Ma\u00dfnahmen des Ministers f\u00fcr \u00f6ffentliche Arbeiten, Wohnungsbau und Mobilit\u00e4t der Kanarischen Regierung, Pablo Rodr\u00edguez, in Bezug auf die st\u00e4dtebauliche Situation in der Stadt La Lajita zum Ausdruck.  <\/span><\/p>\n<p><span>Die Fraktion der Stadtverwaltung h\u00e4lt es f\u00fcr einen Akt der Unachtsamkeit und Verantwortungslosigkeit, dass der Stadtrat ein Treffen mit den Grundst\u00fcckseigent\u00fcmern des Teilplans La Lajita 2000 abgehalten hat, ohne die Stadtverwaltung vorher informiert oder konsultiert zu haben. Diese Geste ist \u00fcberraschend und zeigt einen eindeutigen Mangel an institutionellem Respekt, vor allem wenn das Rathaus immer eine Position des offenen und loyalen Dialogs mit der Regierung der Kanarischen Inseln beibehalten hat. <\/span><\/p>\n<p><span>Aus diesem Grund bezeichnet das Konsistorium dieses Vorgehen als einen schwerwiegenden Fehler, der von dem Rahmen der Zusammenarbeit und der institutionellen Loyalit\u00e4t abweicht, der zwischen den \u00f6ffentlichen Verwaltungen herrschen sollte. In diesem Sinne bekr\u00e4ftigt die st\u00e4dtische K\u00f6rperschaft, dass die st\u00e4dtebaulichen Verhandlungen, die die Gemeinde betreffen, vom Rathaus selbst gef\u00fchrt werden sollten.   <\/span><\/p>\n<p><span>Ebenso ist der Stadtrat der Ansicht, dass das N\u00fctzlichste und Vorteilhafteste, was der Stadtrat Pablo Rodr\u00edguez f\u00fcr diese Gemeinde und f\u00fcr Fuerteventura tun k\u00f6nnte, die F\u00f6rderung dringender und notwendiger Investitionen in wichtige Infrastrukturen ist, wie z.B. in den Hafen von Morro Jable, der Verbesserungen ben\u00f6tigt, auf die die Anwohner seit Jahren warten. Es wird auch gefordert, die Stra\u00dfenabschnitte zwischen dem Hafen und dem Aldiana Club sowie die Strecke zwischen Matas Blancas und El Cuchillete zu beschleunigen, wesentliche Infrastrukturen f\u00fcr die Mobilit\u00e4t und die Entwicklung des S\u00fcdens der Insel.   <\/span><\/p>\n<p><span>Schlie\u00dflich erinnert das Konsistorium daran, dass es weiterhin f\u00fcr den Dialog und die Suche nach Vereinbarungen offen ist, um den Bau von Wohnungen in der Gemeinde voranzutreiben. Diese Bereitschaft wurde wiederholt an die aufgel\u00f6ste Junta de Compensaci\u00f3n del Plan Parcial La Lajita 2000 herangetragen, deren ehemalige Mitglieder zu Treffen mit den technischen und juristischen Teams beider Parteien eingeladen wurden, sofern diese Treffen in ihrer Eigenschaft als Privatunternehmer und nicht als Junta de Compensaci\u00f3n stattfinden, einer Einrichtung, der es derzeit an Legitimit\u00e4t fehlt.   <\/span><\/p>\n<\/div>\n","protected":false},"excerpt":{"rendered":"<p><i>Die Stadtverwaltung bittet den Stadtrat, seine Bem\u00fchungen auf Investitionen in den Hafen von Morro Jable und auf die F\u00f6rderung der Stra\u00dfenabschnitte zwischen dieser Infrastruktur und dem Aldiana Club sowie von Matas Blancas nach Cuchillete zu konzentrieren.  <\/i><\/p>\n","protected":false},"author":1,"featured_media":8481,"comment_status":"open","ping_status":"open","sticky":false,"template":"","format":"standard","meta":{"inline_featured_image":false,"jnews-multi-image_gallery":[],"jnews_single_post":[],"jnews_primary_category":[],"jnews_social_meta":[],"jnews_override_counter":[],"jnews_post_split":[],"footnotes":""},"categories":[297],"tags":[216],"class_list":["post-8484","post","type-post","status-publish","format-standard","has-post-thumbnail","hentry","category-pajara-de","tag-fuerteventura-de"],"jetpack_featured_media_url":"https:\/\/informacionlocal.es\/wp-content\/uploads\/2025\/07\/junta-de-gobierno-e1753455206595.png","_links":{"self":[{"href":"https:\/\/informacionlocal.es\/de\/wp-json\/wp\/v2\/posts\/8484","targetHints":{"allow":["GET"]}}],"collection":[{"href":"https:\/\/informacionlocal.es\/de\/wp-json\/wp\/v2\/posts"}],"about":[{"href":"https:\/\/informacionlocal.es\/de\/wp-json\/wp\/v2\/types\/post"}],"author":[{"embeddable":true,"href":"https:\/\/informacionlocal.es\/de\/wp-json\/wp\/v2\/users\/1"}],"replies":[{"embeddable":true,"href":"https:\/\/informacionlocal.es\/de\/wp-json\/wp\/v2\/comments?post=8484"}],"version-history":[{"count":0,"href":"https:\/\/informacionlocal.es\/de\/wp-json\/wp\/v2\/posts\/8484\/revisions"}],"wp:featuredmedia":[{"embeddable":true,"href":"https:\/\/informacionlocal.es\/de\/wp-json\/wp\/v2\/media\/8481"}],"wp:attachment":[{"href":"https:\/\/informacionlocal.es\/de\/wp-json\/wp\/v2\/media?parent=8484"}],"wp:term":[{"taxonomy":"category","embeddable":true,"href":"https:\/\/informacionlocal.es\/de\/wp-json\/wp\/v2\/categories?post=8484"},{"taxonomy":"post_tag","embeddable":true,"href":"https:\/\/informacionlocal.es\/de\/wp-json\/wp\/v2\/tags?post=8484"}],"curies":[{"name":"wp","href":"https:\/\/api.w.org\/{rel}","templated":true}]}}