{"id":8472,"date":"2025-07-25T18:00:17","date_gmt":"2025-07-25T17:00:17","guid":{"rendered":"https:\/\/informacionlocal.es\/das-cabildo-gibt-die-entscheidung-der-jury-fuer-die-verleihung-des-preises-fuer-herausragenden-tourismus-2025-am-27-september-bekannt\/"},"modified":"2025-07-25T18:00:17","modified_gmt":"2025-07-25T17:00:17","slug":"das-cabildo-gibt-die-entscheidung-der-jury-fuer-die-verleihung-des-preises-fuer-herausragenden-tourismus-2025-am-27-september-bekannt","status":"publish","type":"post","link":"https:\/\/informacionlocal.es\/de\/das-cabildo-gibt-die-entscheidung-der-jury-fuer-die-verleihung-des-preises-fuer-herausragenden-tourismus-2025-am-27-september-bekannt\/","title":{"rendered":"Das Cabildo gibt die Entscheidung der Jury f\u00fcr die Verleihung des Preises f\u00fcr herausragenden Tourismus 2025 am 27. September bekannt"},"content":{"rendered":"<div class=\"entry-content\"><strong>25. Juli, 2025<\/strong><\/p>\n<p>Das Cabildo von Fuerteventura gibt die Entscheidung der Jury f\u00fcr die Verleihung des Tourismuspreises 2025 bekannt, der am 27. September verliehen wird. Die Preistr\u00e4ger wurden von einer Fachjury vorgeschlagen, die an diesem Mittwoch zusammenkam, in \u00dcbereinstimmung mit den neuen Regeln f\u00fcr die Auszeichnungen, die vom Verwaltungsrat des Fremdenverkehrsamtes am 21. M\u00e4rz genehmigt wurden. <\/p>\n<p>Die Preise von Playas de Oro gehen an die Weinkellerei Conatvs in der Kategorie &#8222;Unternehmen&#8220;, an Grupo Catamar\u00e1n Excursi\u00f3n in der Kategorie &#8222;Blaue Destination&#8220; und an Mar\u00eda Alonso del Pino Brito, Inhaberin und Gesch\u00e4ftsf\u00fchrerin des Restaurants La Jaula de Oro in Ajuy in der Kategorie &#8222;Individueller Werdegang&#8220;. Au\u00dferdem wird die ununterbrochene Treue von Holger Ziechert zu Fuerteventura gew\u00fcrdigt und er erh\u00e4lt den Kundenpreis von Playas de Oro. <\/p>\n<p>Die Preistr\u00e4ger wurden von einer Fachjury aus den frist- und formgerecht eingegangenen Vorschl\u00e4gen ausgew\u00e4hlt, und die Preise werden im Rahmen der Gala der Distinguished Tourism Awards im kommenden September verliehen.<\/p>\n<p>Die Pr\u00e4sidentin des Cabildo, Lola Garc\u00eda, und die Stadtr\u00e4tin f\u00fcr Tourismus, Marlene Figueroa, heben den Wert dieser Auszeichnungen hervor, mit denen die Arbeit von Fachleuten des Tourismussektors gew\u00fcrdigt wird, die Fuerteventura zu einem Reiseziel mit qualitativ hochwertigen Dienstleistungen machen, wobei der Respekt vor der Umwelt stets im Vordergrund steht.<\/p>\n<p>Lola Garc\u00eda und Marlene Figueroa begl\u00fcckw\u00fcnschen die Preistr\u00e4ger sowie die \u00fcbrigen Kandidaten, die alle diese Auszeichnungen verdient haben und mit ihrer guten Arbeit die Exzellenz des Tourismussektors auf Fuerteventura demonstrieren.<\/p>\n<p>Die Bewerbungen wurden von einer eigens zu diesem Zweck gebildeten Fachjury bewertet, die unter anderem ihr Engagement und ihren Beitrag zur F\u00f6rderung und Verbesserung der Tourismusbranche, die Einf\u00fchrung von Qualit\u00e4tssystemen f\u00fcr den Tourismus und die Umwelt sowie ihr Engagement f\u00fcr die berufliche Qualifikation anerkannte.<\/p>\n<p><strong>Die Weinkellerei Bodegas Conatvs in Lajares wird mit dem Playas de Oro-Preis in der Kategorie &#8222;Unternehmen&#8220;<\/strong> f\u00fcr ihre Entwicklung zu einem Vorzeigeunternehmen im Binnentourismus mit l\u00e4ndlicher Identit\u00e4t ausgezeichnet. Es ist die erste Weinkellerei auf Fuerteventura, die in der gesch\u00fctzten Herkunftsbezeichnung der Kanarischen Inseln eingetragen ist und ein einzigartiges Angebot durch die Produktion von Qualit\u00e4tsweinen bietet, die in ein touristisches Erlebnis integriert sind, das auf Wissen, Nachhaltigkeit und kulturelle Wurzeln ausgerichtet ist. Conatvs wurde mit zahlreichen Preisen wie Agrocanarias oder dem internationalen CINVE-Wettbewerb ausgezeichnet.  <\/p>\n<p><strong>Mar\u00eda Alonso del Pino Brito, Gesch\u00e4ftsf\u00fchrerin des Restaurants La Jaula de Oro, wurde mit dem Preis Playas de Oro in der Kategorie &#8222;Individuelle Karriere&#8220; ausgezeichnet.<\/strong> Das Restaurant befindet sich in dem K\u00fcstenort Ajuy und ist ein Familienbetrieb von anerkanntem Prestige. Es wurde in den f\u00fcnfziger Jahren des 20. Jahrhunderts gegr\u00fcndet und ist seitdem ein Treffpunkt f\u00fcr Einheimische und Besucher und zu einer lokalen Referenz geworden. Seit siebenundzwanzig Jahren f\u00fchrt Mar\u00eda del Pino das Restaurant, wobei sie die Qualit\u00e4t beibeh\u00e4lt und ein hochwertiges, nahes und nachhaltiges gastronomisches Angebot mit Produkten ohne Kilometerverbrauch garantiert.   <\/p>\n<p><strong>Die Catamaran Excursion Group erh\u00e4lt die Auszeichnung &#8222;Blaue Destination&#8220; von Golden Beaches in<\/strong> Anerkennung ihrer au\u00dfergew\u00f6hnlichen Gesch\u00e4ftsentwicklung, ihres Engagements f\u00fcr maritime Nachhaltigkeit und ihres wertvollen Beitrags zur Konsolidierung Fuerteventuras als Referenzziel f\u00fcr den nautischen Tourismus. Seit ihrer Gr\u00fcndung im Jahr 2013 in Caleta de Fuste hat sie sich durch ihren innovativen und unverwechselbaren Ansatz hervorgetan, der es ihr erm\u00f6glicht hat, das maritime und sportliche Freizeitangebot der Insel zu diversifizieren und zu bereichern. <\/p>\n<p><strong>Der Golden Beaches Award in der Kategorie &#8222;Kunde&#8220; geht an den Deutschen Holger Ziechert<\/strong>, in Anerkennung seiner ununterbrochenen Treue zu Fuerteventura seit mehr als 48 Jahren zusammen mit seiner Frau. Seit seinem ersten Besuch im Jahr 1977 war Holger Ziechert mehr als 150 Mal auf Fuerteventura. Er ist nicht nur ein regelm\u00e4\u00dfiger Besucher, sondern auch ein echter Botschafter der Insel, der mit zwei B\u00fcchern, die von seinen Erfahrungen inspiriert sind, zur internationalen Werbung f\u00fcr die Insel beitr\u00e4gt: &#8222;Mein Fuerteventura damals und heute&#8220; und &#8222;Mein Aldiana Club Fuerteventura&#8220;. <\/p>\n<\/div>\n","protected":false},"excerpt":{"rendered":"<p>25. Juli, 2025 Das Cabildo von Fuerteventura gibt die Entscheidung der Jury f\u00fcr die Verleihung des Tourismuspreises 2025 bekannt, der am 27. September verliehen wird. Die Preistr\u00e4ger wurden von einer [&hellip;]<\/p>\n","protected":false},"author":1,"featured_media":8469,"comment_status":"open","ping_status":"open","sticky":false,"template":"","format":"standard","meta":{"inline_featured_image":false,"jnews-multi-image_gallery":[],"jnews_single_post":[],"jnews_primary_category":[],"jnews_social_meta":[],"jnews_override_counter":[],"jnews_post_split":[],"footnotes":""},"categories":[287],"tags":[216],"class_list":["post-8472","post","type-post","status-publish","format-standard","has-post-thumbnail","hentry","category-cabildo-de","tag-fuerteventura-de"],"jetpack_featured_media_url":"https:\/\/informacionlocal.es\/wp-content\/uploads\/2025\/07\/sdde.jpeg","_links":{"self":[{"href":"https:\/\/informacionlocal.es\/de\/wp-json\/wp\/v2\/posts\/8472","targetHints":{"allow":["GET"]}}],"collection":[{"href":"https:\/\/informacionlocal.es\/de\/wp-json\/wp\/v2\/posts"}],"about":[{"href":"https:\/\/informacionlocal.es\/de\/wp-json\/wp\/v2\/types\/post"}],"author":[{"embeddable":true,"href":"https:\/\/informacionlocal.es\/de\/wp-json\/wp\/v2\/users\/1"}],"replies":[{"embeddable":true,"href":"https:\/\/informacionlocal.es\/de\/wp-json\/wp\/v2\/comments?post=8472"}],"version-history":[{"count":0,"href":"https:\/\/informacionlocal.es\/de\/wp-json\/wp\/v2\/posts\/8472\/revisions"}],"wp:featuredmedia":[{"embeddable":true,"href":"https:\/\/informacionlocal.es\/de\/wp-json\/wp\/v2\/media\/8469"}],"wp:attachment":[{"href":"https:\/\/informacionlocal.es\/de\/wp-json\/wp\/v2\/media?parent=8472"}],"wp:term":[{"taxonomy":"category","embeddable":true,"href":"https:\/\/informacionlocal.es\/de\/wp-json\/wp\/v2\/categories?post=8472"},{"taxonomy":"post_tag","embeddable":true,"href":"https:\/\/informacionlocal.es\/de\/wp-json\/wp\/v2\/tags?post=8472"}],"curies":[{"name":"wp","href":"https:\/\/api.w.org\/{rel}","templated":true}]}}