{"id":8460,"date":"2025-07-25T16:59:07","date_gmt":"2025-07-25T15:59:07","guid":{"rendered":"https:\/\/informacionlocal.es\/das-cabildo-sensibilisiert-junge-menschen-fuer-den-schutz-von-wildtieren-mit-der-freilassung-von-drei-schildkroeten-und-zwei-adlerjungen\/"},"modified":"2025-07-25T16:59:07","modified_gmt":"2025-07-25T15:59:07","slug":"das-cabildo-sensibilisiert-junge-menschen-fuer-den-schutz-von-wildtieren-mit-der-freilassung-von-drei-schildkroeten-und-zwei-adlerjungen","status":"publish","type":"post","link":"https:\/\/informacionlocal.es\/de\/das-cabildo-sensibilisiert-junge-menschen-fuer-den-schutz-von-wildtieren-mit-der-freilassung-von-drei-schildkroeten-und-zwei-adlerjungen\/","title":{"rendered":"Das Cabildo sensibilisiert junge Menschen f\u00fcr den Schutz von Wildtieren mit der Freilassung von drei Schildkr\u00f6ten und zwei Adlerjungen"},"content":{"rendered":"<div class=\"entry-content\"><strong>25. Juli, 2025<\/strong><\/p>\n<p><em><strong>Die Exemplare wurden im Beisein von 120 Kindern aus verschiedenen Ferienlagern freigelassen.<\/strong><\/em><\/p>\n<p>Der Inselrat von Fuerteventura hat heute \u00fcber das Umweltministerium drei Unechte Karettschildkr\u00f6ten<em>(Caretta caretta<\/em>) an den Grandes Playas de Corralejo ausgesetzt. Die Aktion war Teil des Umwelterziehungsprojekts &#8222;De Vuelta a Casa&#8220; des Umweltministeriums, an dem eine Gruppe von 60 Kindern aus dem Sommerlager des Kulturvereins DATSIMAAL aus Villaverde teilnahm. <\/p>\n<p>Die Schildkr\u00f6ten wurden am 8. April in Morro Jable (P\u00e1jara), am 11. April in Cotillo (La Oliva) und am 18. Juni in Caleta de Fuste (Antigua) aufgefunden. Sie wiesen alle Verletzungen auf, die auf das Verheddern in Meeresm\u00fcll oder Fischernetzen zur\u00fcckzuf\u00fchren sind, eine der Hauptbedrohungen f\u00fcr diese Art. Die Schildkr\u00f6ten werden nun nach ihrer Pflege und Genesung im Zentrum f\u00fcr die Rettung und Erhaltung von Meeresschildkr\u00f6ten in Morro Jable freigelassen. <\/p>\n<p>Im Rahmen des Projekts &#8222;Back Home&#8220; wurden diese Woche auch zwei junge Adler freigelassen, die in der von der Inselgesellschaft abh\u00e4ngigen Biologischen Station von La Oliva betreut wurden. In diesem Fall in Anwesenheit von weiteren 60 Kindern aus dem Sommerlager der Stadtverwaltung von La Oliva. <\/p>\n<p>Die Adlerjungen wurden am 5. und 6. Juli in den Gebieten von La Lajita und Agua de Bueyes gefunden und zeigten Anzeichen von Ersch\u00f6pfung und Dehydrierung. Die V\u00f6gel wurden in der Auffangstation f\u00fcr Wildtiere der Biologischen Station La Oliva betreut und versorgt, die \u00fcber Flugk\u00e4fige, Unterst\u00e4nde, eine Erste-Hilfe-Klinik und eine Intensivstation verf\u00fcgt. Sobald sie sich erholt hatten, wurden sie freigelassen.  <\/p>\n<p>An der Veranstaltung nahmen der Stadtrat f\u00fcr Umwelt, Carlos Rodr\u00edguez, der Stadtrat f\u00fcr Sport und Jugend, Gleiber Carre\u00f1o, und andere Gemeindevertreter teil.<\/p>\n<p>Der Stadtrat Carlos Rodr\u00edguez hob den Wert der Aktivit\u00e4ten hervor, die Teil des Programms &#8222;Know to Protect&#8220; sind, in diesem Fall das Projekt &#8222;Back Home&#8220;, das darauf abzielt, Schulkinder und die breite \u00d6ffentlichkeit f\u00fcr die Notwendigkeit des Schutzes und der Erhaltung der Fauna auf Fuerteventura zu sensibilisieren. In diesem Zusammenhang bedankte er sich f\u00fcr die Zusammenarbeit mit der Stadtverwaltung von La Oliva und dem Verein DATSIMAAL, die es den Kindern der Gemeinde erm\u00f6glicht haben, an dieser Aktion teilzunehmen. <\/p>\n<p>Er erinnerte die \u00d6ffentlichkeit auch daran, wie wichtig es ist, jede Entdeckung von verletzten oder gef\u00e4hrdeten Wildtieren an die Notrufnummer 112 zu melden, &#8222;denn die Zusammenarbeit mit der \u00d6ffentlichkeit ist entscheidend, um schnell und effektiv zum Schutz unserer Artenvielfalt handeln zu k\u00f6nnen&#8220;.<\/p>\n<\/div>\n","protected":false},"excerpt":{"rendered":"<p>25. Juli, 2025 Die Exemplare wurden im Beisein von 120 Kindern aus verschiedenen Ferienlagern freigelassen. Der Inselrat von Fuerteventura hat heute \u00fcber das Umweltministerium drei Unechte Karettschildkr\u00f6ten(Caretta caretta) an den [&hellip;]<\/p>\n","protected":false},"author":1,"featured_media":8457,"comment_status":"open","ping_status":"open","sticky":false,"template":"","format":"standard","meta":{"inline_featured_image":false,"jnews-multi-image_gallery":[],"jnews_single_post":[],"jnews_primary_category":[],"jnews_social_meta":[],"jnews_override_counter":[],"jnews_post_split":[],"footnotes":""},"categories":[287],"tags":[306,216,199],"class_list":["post-8460","post","type-post","status-publish","format-standard","has-post-thumbnail","hentry","category-cabildo-de","tag-educacion-de","tag-fuerteventura-de","tag-umwelt"],"jetpack_featured_media_url":"https:\/\/informacionlocal.es\/wp-content\/uploads\/2025\/07\/grgr.jpeg","_links":{"self":[{"href":"https:\/\/informacionlocal.es\/de\/wp-json\/wp\/v2\/posts\/8460","targetHints":{"allow":["GET"]}}],"collection":[{"href":"https:\/\/informacionlocal.es\/de\/wp-json\/wp\/v2\/posts"}],"about":[{"href":"https:\/\/informacionlocal.es\/de\/wp-json\/wp\/v2\/types\/post"}],"author":[{"embeddable":true,"href":"https:\/\/informacionlocal.es\/de\/wp-json\/wp\/v2\/users\/1"}],"replies":[{"embeddable":true,"href":"https:\/\/informacionlocal.es\/de\/wp-json\/wp\/v2\/comments?post=8460"}],"version-history":[{"count":0,"href":"https:\/\/informacionlocal.es\/de\/wp-json\/wp\/v2\/posts\/8460\/revisions"}],"wp:featuredmedia":[{"embeddable":true,"href":"https:\/\/informacionlocal.es\/de\/wp-json\/wp\/v2\/media\/8457"}],"wp:attachment":[{"href":"https:\/\/informacionlocal.es\/de\/wp-json\/wp\/v2\/media?parent=8460"}],"wp:term":[{"taxonomy":"category","embeddable":true,"href":"https:\/\/informacionlocal.es\/de\/wp-json\/wp\/v2\/categories?post=8460"},{"taxonomy":"post_tag","embeddable":true,"href":"https:\/\/informacionlocal.es\/de\/wp-json\/wp\/v2\/tags?post=8460"}],"curies":[{"name":"wp","href":"https:\/\/api.w.org\/{rel}","templated":true}]}}