{"id":8447,"date":"2025-07-25T16:01:10","date_gmt":"2025-07-25T15:01:10","guid":{"rendered":"https:\/\/informacionlocal.es\/das-cabildo-fordert-die-regierung-der-kanarischen-inseln-auf-den-plan-zur-wiederansiedlung-der-houbara-trappe-an-die-gegebenheiten-mallorcas-anzupassen\/"},"modified":"2025-07-25T16:01:10","modified_gmt":"2025-07-25T15:01:10","slug":"das-cabildo-fordert-die-regierung-der-kanarischen-inseln-auf-den-plan-zur-wiederansiedlung-der-houbara-trappe-an-die-gegebenheiten-mallorcas-anzupassen","status":"publish","type":"post","link":"https:\/\/informacionlocal.es\/de\/das-cabildo-fordert-die-regierung-der-kanarischen-inseln-auf-den-plan-zur-wiederansiedlung-der-houbara-trappe-an-die-gegebenheiten-mallorcas-anzupassen\/","title":{"rendered":"Das Cabildo fordert die Regierung der Kanarischen Inseln auf, den Plan zur Wiederansiedlung der Houbara-Trappe an die Gegebenheiten Mallorcas anzupassen."},"content":{"rendered":"<div class=\"entry-content\"><strong>25. Juli, 2025<\/strong><\/p>\n<p><em><strong>Die Inselgesellschaft hat das regionale Ministerium f\u00fcr den \u00f6kologischen Wandel gebeten, diese Studien unter Ber\u00fccksichtigung der Bedingungen Fuerteventuras als begrenztes Gebiet zu &#8222;verfeinern&#8220;.<\/strong><\/em><\/p>\n<p>Der Inselrat von Fuerteventura hat ein Treffen mit der Kanarischen Regierung abgehalten, um die im Plan zur Wiederansiedlung der Kanarischen Houbaratrappe<em>(Chlamydotis undulata fuertaventurae<\/em>) vorgeschlagene Zoneneinteilung zu analysieren, der von der Abteilung f\u00fcr \u00f6kologischen Wandel und Energie der Regionalregierung gef\u00f6rdert wird.<\/p>\n<p>An dieser Arbeitssitzung, die von der Inselgesellschaft beantragt worden war, nahmen die Pr\u00e4sidentin des Cabildo, Lola Garc\u00eda, die Stadtr\u00e4tin f\u00fcr Raumordnung, Nereida Calero, sowie das Team des Planungsdienstes und dessen Inseldirektor teil. Von Seiten der Kanarischen Regierung waren der Generaldirektor f\u00fcr Naturr\u00e4ume und Biodiversit\u00e4t, Miguel \u00c1ngel Morcuende, sowie der Leiter der Dienststelle und das technische Personal anwesend. <\/p>\n<p>Das Cabildo hat diese Arbeitssitzung beantragt, um die kanarische Regierung aufzufordern, die Studien zu &#8222;verfeinern&#8220; und die Gebiete, in denen die M\u00f6glichkeit der Entwicklung der Trappe besteht, genau abzugrenzen. In einem begrenzten Gebiet wie Fuerteventura ist es wichtig, den Schutz mit der Nutzung und dem Genuss des Bodens durch die Inselbev\u00f6lkerung in Einklang zu bringen, da, wie die Regionalplanungsabteilung durch Behauptungen gewarnt hat, diese Zonierung in l\u00e4ndlichen Siedlungen und Gebieten mit verstreuter Bebauung eingef\u00fchrt werden k\u00f6nnte und auch die Durchf\u00fchrung von Sportveranstaltungen beeintr\u00e4chtigen w\u00fcrde. <\/p>\n<p>Nach dem oben genannten Treffen haben sowohl der Pr\u00e4sident des Cabildo als auch der Inselrat die Zusage der kanarischen Regierung erhalten, die Behauptungen des Planungsdienstes der Inselgesellschaft zu untersuchen, um zu pr\u00fcfen, inwieweit es m\u00f6glich ist, diese Gebiete mit den verschiedenen Landnutzungen in Einklang zu bringen, und zwar immer unter Ber\u00fccksichtigung der Umwelt und im Gleichgewicht mit der Nutzung und dem Genuss unseres Territoriums.<\/p>\n<\/div>\n","protected":false},"excerpt":{"rendered":"<p>25. Juli, 2025 Die Inselgesellschaft hat das regionale Ministerium f\u00fcr den \u00f6kologischen Wandel gebeten, diese Studien unter Ber\u00fccksichtigung der Bedingungen Fuerteventuras als begrenztes Gebiet zu &#8222;verfeinern&#8220;. Der Inselrat von Fuerteventura [&hellip;]<\/p>\n","protected":false},"author":1,"featured_media":8445,"comment_status":"open","ping_status":"open","sticky":false,"template":"","format":"standard","meta":{"inline_featured_image":false,"jnews-multi-image_gallery":[],"jnews_single_post":[],"jnews_primary_category":[],"jnews_social_meta":[],"jnews_override_counter":[],"jnews_post_split":[],"footnotes":""},"categories":[287],"tags":[216],"class_list":["post-8447","post","type-post","status-publish","format-standard","has-post-thumbnail","hentry","category-cabildo-de","tag-fuerteventura-de"],"jetpack_featured_media_url":"https:\/\/informacionlocal.es\/wp-content\/uploads\/2025\/07\/reunic3b3n-director-general.jpeg","_links":{"self":[{"href":"https:\/\/informacionlocal.es\/de\/wp-json\/wp\/v2\/posts\/8447","targetHints":{"allow":["GET"]}}],"collection":[{"href":"https:\/\/informacionlocal.es\/de\/wp-json\/wp\/v2\/posts"}],"about":[{"href":"https:\/\/informacionlocal.es\/de\/wp-json\/wp\/v2\/types\/post"}],"author":[{"embeddable":true,"href":"https:\/\/informacionlocal.es\/de\/wp-json\/wp\/v2\/users\/1"}],"replies":[{"embeddable":true,"href":"https:\/\/informacionlocal.es\/de\/wp-json\/wp\/v2\/comments?post=8447"}],"version-history":[{"count":0,"href":"https:\/\/informacionlocal.es\/de\/wp-json\/wp\/v2\/posts\/8447\/revisions"}],"wp:featuredmedia":[{"embeddable":true,"href":"https:\/\/informacionlocal.es\/de\/wp-json\/wp\/v2\/media\/8445"}],"wp:attachment":[{"href":"https:\/\/informacionlocal.es\/de\/wp-json\/wp\/v2\/media?parent=8447"}],"wp:term":[{"taxonomy":"category","embeddable":true,"href":"https:\/\/informacionlocal.es\/de\/wp-json\/wp\/v2\/categories?post=8447"},{"taxonomy":"post_tag","embeddable":true,"href":"https:\/\/informacionlocal.es\/de\/wp-json\/wp\/v2\/tags?post=8447"}],"curies":[{"name":"wp","href":"https:\/\/api.w.org\/{rel}","templated":true}]}}