{"id":8425,"date":"2025-07-25T13:59:40","date_gmt":"2025-07-25T12:59:40","guid":{"rendered":"https:\/\/informacionlocal.es\/haushaltsaenderung-in-hoehe-von-22-millionen-euro-fuer-massnahmen-im-bereich-wohnen-und-persoenliche-betreuung-genehmigt\/"},"modified":"2025-07-25T13:59:40","modified_gmt":"2025-07-25T12:59:40","slug":"haushaltsaenderung-in-hoehe-von-22-millionen-euro-fuer-massnahmen-im-bereich-wohnen-und-persoenliche-betreuung-genehmigt","status":"publish","type":"post","link":"https:\/\/informacionlocal.es\/de\/haushaltsaenderung-in-hoehe-von-22-millionen-euro-fuer-massnahmen-im-bereich-wohnen-und-persoenliche-betreuung-genehmigt\/","title":{"rendered":"Haushalts\u00e4nderung in H\u00f6he von 2,2 Millionen Euro f\u00fcr Ma\u00dfnahmen im Bereich Wohnen und pers\u00f6nliche Betreuung genehmigt"},"content":{"rendered":"<div class=\"entry-content\"><strong>25. Juli, 2025<\/strong><\/p>\n<p><strong>Haushalts\u00e4nderung in H\u00f6he von 2,2 Millionen Euro f\u00fcr Ma\u00dfnahmen im Bereich Wohnen und pers\u00f6nliche Betreuung genehmigt<\/strong><\/p>\n<p><em><strong>Die Vollversammlung des Cabildo bewilligt einen Teil der Mittel f\u00fcr das Wohnsanierungsprojekt in Cotillo sowie f\u00fcr die Verwaltung und Verbesserung der sozio-sanit\u00e4ren Ressourcen.<\/strong><\/em><strong>V<\/strong><\/p>\n<p>Das Plenum des Cabildo hat einstimmig eine Haushalts\u00e4nderung in H\u00f6he von mehr als 2,2 Millionen Euro zur Unterst\u00fctzung von Ma\u00dfnahmen in den Bereichen Wohnen, Soziales und Pflege f\u00fcr die Menschen auf Fuerteventura genehmigt.<\/p>\n<p>Auf diese Weise hat die Inselgesellschaft die Finanzierung der Annuit\u00e4ten 2024 und 2025 f\u00fcr das Projekt &#8222;Wohnumgebung f\u00fcr programmierte Sanierung&#8220; in El Cotillo (Gemeinde La Oliva) genehmigt.<\/p>\n<p>Die Pr\u00e4sidentin der Insel, Lola Garc\u00eda, hob &#8222;das feste Engagement des Cabildo von Fuerteventura f\u00fcr den Wohnungsbau sowie sein Engagement f\u00fcr ein nachhaltiges Entwicklungsmodell hervor, das der Wiederherstellung von Wohnraum den Vorrang gibt, anstatt mehr Land zu verbrauchen&#8220;.<\/p>\n<p>Die Stadtr\u00e4tin f\u00fcr Finanzen und Wirtschaftsf\u00f6rderung, Nuria Cabrera, erkl\u00e4rte, dass das ERRP-Projekt in El Cotillo vom Cabildo 1,1 Millionen Euro in drei Jahrestranchen erh\u00e4lt, wobei die Betr\u00e4ge f\u00fcr die Jahre 2024 und 2025 in H\u00f6he von insgesamt 752.115,30 Euro in dieser Plenarsitzung genehmigt wurden.<\/p>\n<p>Es wird erwartet, dass das dritte Jahr (2026) auf der n\u00e4chsten Plenarsitzung der Inselgesellschaft genehmigt wird. Das Projekt zielt auf die Sanierung von 138 H\u00e4usern im Rahmen einer Vereinbarung zwischen dem Cabildo von Fuerteventura, dem Stadtrat von La Oliva, der Regierung der Kanarischen Inseln und dem Staat ab, die im Rahmen des Plans zur Wiederherstellung der Transformation und der Widerstandsf\u00e4higkeit (Transformation Recovery and Resilience Plan) unterzeichnet wurde und von der Europ\u00e4ischen Union NextGeneration EU in der autonomen Gemeinschaft der Kanarischen Inseln finanziert wird. <\/p>\n<p>Der Stadtrat f\u00fcr Soziales, V\u00edctor Alonso, hat die Beteiligung der verschiedenen Verwaltungen durch verschiedene Pl\u00e4ne gew\u00fcrdigt, die es erm\u00f6glichen, Wohnungsbau- und Sanierungsma\u00dfnahmen auf der Insel Fuerteventura zu unterst\u00fctzen.<\/p>\n<p>Die genehmigte \u00c4nderung der Kredite erm\u00f6glicht es auch, mehr als eine Million Euro f\u00fcr die Verwaltung von Sozial- und Gesundheitsressourcen und die Verbesserung und Renovierung von Zentren im Besitz des Cabildo, wie das Sozial- und Gesundheitszentrum Josefina Pl\u00e1 f\u00fcr Menschen in einer Situation der Abh\u00e4ngigkeit, zu verwenden. Wie V\u00edctor Alonso erl\u00e4uterte, sollen damit auch Programme zur F\u00f6rderung des Wohlbefindens und der Gesundheit der Bev\u00f6lkerung unterst\u00fctzt werden, wie z. B. NeuroMajo2025, sowie das Programm zur Aufnahme und Integration von Jugendlichen der Fundaci\u00f3n Canaria Main und die Unterst\u00fctzung des Regionalen Treffens der gesundheitsf\u00f6rdernden Inselgemeinden, das vom Stadtrat von La Oliva organisiert wird und Teil der Strategie zur Gesundheitsf\u00f6rderung und Pr\u00e4vention im nationalen Gesundheitssystem (SNS) ist, zu deren Unterzeichnern auch das Cabildo von Fuerteventura geh\u00f6rt. Dar\u00fcber hinaus wurden Mittel zur Unterst\u00fctzung des Projekts &#8222;Hig\u00eda, Robot Social&#8220; des CIFP Majada Marcial bewilligt, das darauf abzielt, die Lebensqualit\u00e4t \u00e4lterer oder pflegebed\u00fcrftiger Menschen durch die Entwicklung von sozialen Robotern mit Interaktionstechnologie zu verbessern.  <\/p>\n<p>In den Bereichen Handel und Handwerk, die von Lolina Negr\u00edn geleitet werden, wird \u00fcber die  <a>Ich kaufe auf Fuerteventura&#8220; des Inselrats von Fuerteventura in Zusammenarbeit mit der F\u00f6deration der st\u00e4dtischen Gebiete der Kanarischen Inseln (FAUCA). Das Projekt EnRedarte, das Workshops zur Wiederherstellung und Verbreitung des Kunsthandwerks auf Fuerteventura sowie Ma\u00dfnahmen zur F\u00f6rderung des Kunsthandwerks auf Fuerteventura umfasst, wird ebenfalls fortgesetzt. <\/a><\/p>\n<p><strong>Umweltvertr\u00e4glichkeitspr\u00fcfung<\/strong><\/p>\n<p>Das Plenum gab auch gr\u00fcnes Licht f\u00fcr die Kooperationsvereinbarung zwischen dem Cabildo und dem Stadtrat von P\u00e1jara \u00fcber die \u00dcbertragung von Befugnissen im Bereich der Umweltvertr\u00e4glichkeitspr\u00fcfung von Projekten, die durch \u00f6ffentliche oder private Initiative auf Grundst\u00fccken in der Gemeinde gef\u00f6rdert werden. Die Vereinbarung wurde auf Antrag des Stadtrats von P\u00e1jara unterzeichnet und einstimmig angenommen. <\/p>\n<\/div>\n","protected":false},"excerpt":{"rendered":"<p>25. Juli, 2025 Haushalts\u00e4nderung in H\u00f6he von 2,2 Millionen Euro f\u00fcr Ma\u00dfnahmen im Bereich Wohnen und pers\u00f6nliche Betreuung genehmigt Die Vollversammlung des Cabildo bewilligt einen Teil der Mittel f\u00fcr das [&hellip;]<\/p>\n","protected":false},"author":1,"featured_media":8421,"comment_status":"open","ping_status":"open","sticky":false,"template":"","format":"standard","meta":{"inline_featured_image":false,"jnews-multi-image_gallery":[],"jnews_single_post":[],"jnews_primary_category":[],"jnews_social_meta":[],"jnews_override_counter":[],"jnews_post_split":[],"footnotes":""},"categories":[287],"tags":[323,216,196,213],"class_list":["post-8425","post","type-post","status-publish","format-standard","has-post-thumbnail","hentry","category-cabildo-de","tag-aufenthalt","tag-fuerteventura-de","tag-gemeinden","tag-integration-de"],"jetpack_featured_media_url":"https:\/\/informacionlocal.es\/wp-content\/uploads\/2025\/07\/trehtjht.jpeg","_links":{"self":[{"href":"https:\/\/informacionlocal.es\/de\/wp-json\/wp\/v2\/posts\/8425","targetHints":{"allow":["GET"]}}],"collection":[{"href":"https:\/\/informacionlocal.es\/de\/wp-json\/wp\/v2\/posts"}],"about":[{"href":"https:\/\/informacionlocal.es\/de\/wp-json\/wp\/v2\/types\/post"}],"author":[{"embeddable":true,"href":"https:\/\/informacionlocal.es\/de\/wp-json\/wp\/v2\/users\/1"}],"replies":[{"embeddable":true,"href":"https:\/\/informacionlocal.es\/de\/wp-json\/wp\/v2\/comments?post=8425"}],"version-history":[{"count":0,"href":"https:\/\/informacionlocal.es\/de\/wp-json\/wp\/v2\/posts\/8425\/revisions"}],"wp:featuredmedia":[{"embeddable":true,"href":"https:\/\/informacionlocal.es\/de\/wp-json\/wp\/v2\/media\/8421"}],"wp:attachment":[{"href":"https:\/\/informacionlocal.es\/de\/wp-json\/wp\/v2\/media?parent=8425"}],"wp:term":[{"taxonomy":"category","embeddable":true,"href":"https:\/\/informacionlocal.es\/de\/wp-json\/wp\/v2\/categories?post=8425"},{"taxonomy":"post_tag","embeddable":true,"href":"https:\/\/informacionlocal.es\/de\/wp-json\/wp\/v2\/tags?post=8425"}],"curies":[{"name":"wp","href":"https:\/\/api.w.org\/{rel}","templated":true}]}}