{"id":8411,"date":"2025-07-24T23:01:20","date_gmt":"2025-07-24T22:01:20","guid":{"rendered":"https:\/\/informacionlocal.es\/der-stadtrat-von-puerto-del-rosario-beglueckwuenscht-diejenigen-die-die-auffuehrung-des-kostuembildnerstuecks-la-tienda-ermoeglicht-haben\/"},"modified":"2025-07-24T23:01:20","modified_gmt":"2025-07-24T22:01:20","slug":"der-stadtrat-von-puerto-del-rosario-beglueckwuenscht-diejenigen-die-die-auffuehrung-des-kostuembildnerstuecks-la-tienda-ermoeglicht-haben","status":"publish","type":"post","link":"https:\/\/informacionlocal.es\/de\/der-stadtrat-von-puerto-del-rosario-beglueckwuenscht-diejenigen-die-die-auffuehrung-des-kostuembildnerstuecks-la-tienda-ermoeglicht-haben\/","title":{"rendered":"Der Stadtrat von Puerto del Rosario begl\u00fcckw\u00fcnscht diejenigen, die die Auff\u00fchrung des Kost\u00fcmbildnerst\u00fccks &#8222;La tienda&#8220; erm\u00f6glicht haben."},"content":{"rendered":"<div class=\"entry-content\">\n<div class=\"xdj266r x14z9mp xat24cr x1lziwak x1vvkbs x126k92a\">\n<div dir=\"auto\">Die Stadtverwaltung von Puerto del Rosario m\u00f6chte all jenen gratulieren, die auf die eine oder andere Weise die Auff\u00fchrung des Kost\u00fcmtheaters &#8222;La tienda&#8220; erm\u00f6glicht haben, die am Mittwochabend, den 23. Juli, im historischen Dorf Casillas del \u00c1ngel stattfand.<\/div>\n<\/div>\n<div class=\"x14z9mp xat24cr x1lziwak x1vvkbs xtlvy1s x126k92a\">\n<div dir=\"auto\">Die teilnehmenden Nachbarn haben die Atmosph\u00e4re, die Br\u00e4uche und die Sitten von damals, als die L\u00e4den in den D\u00f6rfern und Stadtvierteln zu Treffpunkten f\u00fcr die Nachbarschaft wurden, meisterhaft wiedergegeben.<\/div>\n<\/div>\n<div class=\"x14z9mp xat24cr x1lziwak x1vvkbs xtlvy1s x126k92a\">\n<div dir=\"auto\">Diese Einrichtungen waren nicht nur Orte, an denen man Grunderzeugnisse wie \u00d6l und Essig kaufen konnte, die in gro\u00dfen Mengen verkauft und genau in Litern oder Quarts abgemessen wurden, sondern auch Orte der Geselligkeit, an denen Geschichten, Neuigkeiten und das t\u00e4gliche Leben ausgetauscht wurden.<\/div>\n<\/div>\n<div class=\"x14z9mp xat24cr x1lziwak x1vvkbs xtlvy1s x126k92a\">\n<div dir=\"auto\">Herzlichen Gl\u00fcckwunsch zu dieser gro\u00dfartigen Leistung, die uns in eine Zeit versetzt, in der Tauschhandel, Vertrauen und pers\u00f6nlicher Kontakt die Seele des lokalen Handels waren.<\/div>\n<\/div>\n<\/div>\n","protected":false},"excerpt":{"rendered":"<p>Die Stadtverwaltung von Puerto del Rosario m\u00f6chte all jenen gratulieren, die auf die eine oder andere Weise die Auff\u00fchrung des Kost\u00fcmtheaters &#8222;La tienda&#8220; erm\u00f6glicht haben, die am Mittwochabend, den 23. [&hellip;]<\/p>\n","protected":false},"author":1,"featured_media":8409,"comment_status":"open","ping_status":"open","sticky":false,"template":"","format":"standard","meta":{"inline_featured_image":false,"jnews-multi-image_gallery":[],"jnews_single_post":[],"jnews_primary_category":[],"jnews_social_meta":[],"jnews_override_counter":[],"jnews_post_split":[],"footnotes":""},"categories":[293],"tags":[],"class_list":["post-8411","post","type-post","status-publish","format-standard","has-post-thumbnail","hentry","category-puerto-del-rosario-de"],"jetpack_featured_media_url":"https:\/\/informacionlocal.es\/wp-content\/uploads\/2025\/07\/la-tienda-tenderos-clienta-y-publico-scaled-1.jpeg","_links":{"self":[{"href":"https:\/\/informacionlocal.es\/de\/wp-json\/wp\/v2\/posts\/8411","targetHints":{"allow":["GET"]}}],"collection":[{"href":"https:\/\/informacionlocal.es\/de\/wp-json\/wp\/v2\/posts"}],"about":[{"href":"https:\/\/informacionlocal.es\/de\/wp-json\/wp\/v2\/types\/post"}],"author":[{"embeddable":true,"href":"https:\/\/informacionlocal.es\/de\/wp-json\/wp\/v2\/users\/1"}],"replies":[{"embeddable":true,"href":"https:\/\/informacionlocal.es\/de\/wp-json\/wp\/v2\/comments?post=8411"}],"version-history":[{"count":0,"href":"https:\/\/informacionlocal.es\/de\/wp-json\/wp\/v2\/posts\/8411\/revisions"}],"wp:featuredmedia":[{"embeddable":true,"href":"https:\/\/informacionlocal.es\/de\/wp-json\/wp\/v2\/media\/8409"}],"wp:attachment":[{"href":"https:\/\/informacionlocal.es\/de\/wp-json\/wp\/v2\/media?parent=8411"}],"wp:term":[{"taxonomy":"category","embeddable":true,"href":"https:\/\/informacionlocal.es\/de\/wp-json\/wp\/v2\/categories?post=8411"},{"taxonomy":"post_tag","embeddable":true,"href":"https:\/\/informacionlocal.es\/de\/wp-json\/wp\/v2\/tags?post=8411"}],"curies":[{"name":"wp","href":"https:\/\/api.w.org\/{rel}","templated":true}]}}