{"id":8388,"date":"2025-07-24T21:12:10","date_gmt":"2025-07-24T20:12:10","guid":{"rendered":"https:\/\/informacionlocal.es\/die-klaenge-und-rhythmen-der-welt-kehren-mit-dem-caleta-sound-fest-an-den-strand-von-el-castillo-zurueck\/"},"modified":"2025-07-24T21:12:10","modified_gmt":"2025-07-24T20:12:10","slug":"die-klaenge-und-rhythmen-der-welt-kehren-mit-dem-caleta-sound-fest-an-den-strand-von-el-castillo-zurueck","status":"publish","type":"post","link":"https:\/\/informacionlocal.es\/de\/die-klaenge-und-rhythmen-der-welt-kehren-mit-dem-caleta-sound-fest-an-den-strand-von-el-castillo-zurueck\/","title":{"rendered":"Die Kl\u00e4nge und Rhythmen der Welt kehren mit dem Caleta Sound Fest an den Strand von El Castillo zur\u00fcck"},"content":{"rendered":"<div class=\"elementor-widget-container\">\n<p><strong>Die Kl\u00e4nge und Rhythmen der Welt kehren mit dem Caleta Sound Fest an den Strand von El Castillo zur\u00fcck<\/strong><\/p>\n<p><strong>&#8211; Die Summer Beach Party 2025 von EL Castillo bietet am Freitag, den 1. und Samstag, den 2. August einen Konzertmarathon.  <\/strong><br \/><strong>&#8211; Am Freitag, dem 1. Januar, spielen von 17 Uhr bis in die fr\u00fchen Morgenstunden auf der Alma Rebelde-B\u00fchne Eclipse Reggae, Paradise und Tributo Coldplay sowie der hervorragende Luck Ra.  <\/strong><br \/><strong>&#8211; Am Samstag, 2. Dezember, ab 12.00 Uhr, Daytime Festival mit Aseres, Miss Band und Supersonikka, am Nachmittag und bis in die Nacht hinein die Gruppen Qu\u00e9 Chimba, The Rock Show Experience und Tribute to Tina Turner, gefolgt von Da Igual und den Gro\u00dfen, Chambao.  <\/strong><br \/><strong>&#8211; Die DJs Abi\u00e1n Reyes und Supersonikka werden die fr\u00fchen Stunden des Caleta Sound Fest 2025 beschlie\u00dfen.<\/strong><\/p>\n<p>Das Plakat f\u00fcr das Caleta Sound Fest 2025 ist jetzt erschienen und k\u00fcndigt die herausragenden Bands, Tributes und DJs an, die am 1. und 2. August bei der Beach Party am Castle Beach auf der B\u00fchne stehen werden, so die Stadtr\u00e4tin f\u00fcr Tourismus, Kristina Rodewig.<\/p>\n<p>Die herausragende Leistung von Luck Ra am Freitagabend, wird ab 17:00 Uhr auf der B\u00fchne von den Gruppen Alma Rebelde, Eclipse Reggae, Paradise und die Coldplay Tribute begleitet werden, und f\u00fcgt hinzu, der Stadtrat, und am Samstag 2, organisieren wir am Morgen von 12:00 Stunden ein Day Festival mit Aseres, Miss Band und Dj Supersonikka, letztere auch die Schlie\u00dfung einer fr\u00fchen Morgen, die nicht verpassen die Nummer eins, Chambao, und die Gruppen Da Igual, Qu\u00e9 Chimba, The Rock Show Experience und die Tina Turner Tribute.<\/p>\n<p>Wir haben es geschafft, die Beach Party mit mehr Energie zur\u00fcckzubringen, ein komplett erneuertes Festival als Caleta Sound Fest, sagt der B\u00fcrgermeister, Mat\u00edas Pe\u00f1a Garc\u00eda, und wir tun es mit einer \u00fcber wirtschaftlichen Anstrengungen des Rathauses von Antigua von der Abteilung f\u00fcr Tourismus, die Finanzierung mit mehr als 300.000 Euro, die den Schwerpunkt wieder auf die regionale Schaltung von Musik-Festivals der ersten Ordnung und Intensit\u00e4t setzt.<\/p>\n<\/div>\n","protected":false},"excerpt":{"rendered":"<p><strong>Die Kl\u00e4nge und Rhythmen der Welt kehren mit dem Caleta Sound Fest an den Strand von El Castillo zur\u00fcck<\/strong><\/p>\n","protected":false},"author":1,"featured_media":8385,"comment_status":"open","ping_status":"open","sticky":false,"template":"","format":"standard","meta":{"inline_featured_image":false,"jnews-multi-image_gallery":[],"jnews_single_post":[],"jnews_primary_category":[],"jnews_social_meta":[],"jnews_override_counter":[],"jnews_post_split":[],"footnotes":""},"categories":[283],"tags":[],"class_list":["post-8388","post","type-post","status-publish","format-standard","has-post-thumbnail","hentry","category-antigua-de"],"jetpack_featured_media_url":"https:\/\/informacionlocal.es\/wp-content\/uploads\/2025\/07\/imagen-de-whatsapp-2025-07-24-a-las-12-07-09_a5f95097.jpg","_links":{"self":[{"href":"https:\/\/informacionlocal.es\/de\/wp-json\/wp\/v2\/posts\/8388","targetHints":{"allow":["GET"]}}],"collection":[{"href":"https:\/\/informacionlocal.es\/de\/wp-json\/wp\/v2\/posts"}],"about":[{"href":"https:\/\/informacionlocal.es\/de\/wp-json\/wp\/v2\/types\/post"}],"author":[{"embeddable":true,"href":"https:\/\/informacionlocal.es\/de\/wp-json\/wp\/v2\/users\/1"}],"replies":[{"embeddable":true,"href":"https:\/\/informacionlocal.es\/de\/wp-json\/wp\/v2\/comments?post=8388"}],"version-history":[{"count":0,"href":"https:\/\/informacionlocal.es\/de\/wp-json\/wp\/v2\/posts\/8388\/revisions"}],"wp:featuredmedia":[{"embeddable":true,"href":"https:\/\/informacionlocal.es\/de\/wp-json\/wp\/v2\/media\/8385"}],"wp:attachment":[{"href":"https:\/\/informacionlocal.es\/de\/wp-json\/wp\/v2\/media?parent=8388"}],"wp:term":[{"taxonomy":"category","embeddable":true,"href":"https:\/\/informacionlocal.es\/de\/wp-json\/wp\/v2\/categories?post=8388"},{"taxonomy":"post_tag","embeddable":true,"href":"https:\/\/informacionlocal.es\/de\/wp-json\/wp\/v2\/tags?post=8388"}],"curies":[{"name":"wp","href":"https:\/\/api.w.org\/{rel}","templated":true}]}}