{"id":8364,"date":"2025-07-24T19:02:10","date_gmt":"2025-07-24T18:02:10","guid":{"rendered":"https:\/\/informacionlocal.es\/fuerteventura-hat-einen-inselplan-fuer-barrierefreiheit\/"},"modified":"2025-07-24T19:02:10","modified_gmt":"2025-07-24T18:02:10","slug":"fuerteventura-hat-einen-inselplan-fuer-barrierefreiheit","status":"publish","type":"post","link":"https:\/\/informacionlocal.es\/de\/fuerteventura-hat-einen-inselplan-fuer-barrierefreiheit\/","title":{"rendered":"Fuerteventura hat einen Inselplan f\u00fcr Barrierefreiheit"},"content":{"rendered":"<div class=\"entry-content\"><strong>24 Juli, 2025<\/strong><\/p>\n<p><em><strong>Die Abteilung f\u00fcr Zug\u00e4nglichkeit schlie\u00dft die Ausarbeitung des Dokuments ab, das fast vierzig spezifische Ma\u00dfnahmen zur Verbesserung der Eingliederung, des Zugangs zu Dienstleistungen und zu den Infrastrukturen und Ressourcen der Insel enth\u00e4lt.<\/strong><\/em><\/p>\n<p>Das Cabildo hat heute den Plan f\u00fcr die Zug\u00e4nglichkeit Fuerteventuras vorgestellt, ein strategisches Dokument, das darauf abzielt, die bestehenden Umgebungen und Dienstleistungen der Insel schrittweise zug\u00e4nglich zu machen, so dass jeder sie bequem, frei, sicher und unabh\u00e4ngig nutzen kann. Der Plan wurde heute im Centro Insular de Juventud (Puerto del Rosario) von der Pr\u00e4sidentin der Insel, Lola Garc\u00eda, und der Stadtr\u00e4tin f\u00fcr Zug\u00e4nglichkeit, Carmen Alonso, in Begleitung des Erarbeitungsteams vorgestellt. <\/p>\n<p>Ebenfalls anwesend waren die Stadtr\u00e4te von Tuineje, Pedro Rodr\u00edguez, und Antigua, Giuseppe Signorino, weitere Gemeindevertreter und Ratsmitglieder der Inselgesellschaft sowie Verb\u00e4nde aus dem Bereich der Barrierefreiheit und andere Gruppen.<\/p>\n<p>Der Plan f\u00fcr die Zug\u00e4nglichkeit Fuerteventuras wurde unter anderem unter Beteiligung von Gemeinder\u00e4ten, B\u00fcrgern, sozialen Gruppen, Vertretern des professionellen Zug\u00e4nglichkeits-, Verkehrs- und Unternehmenssektors ausgearbeitet. &#8222;Als Ergebnis dieser kollektiven Arbeit wurden die Barrieren, mit denen die Menschen auf Fuerteventura konfrontiert sind, identifiziert und eine Reihe von konkreten Vorschl\u00e4gen erarbeitet, um die Realit\u00e4t auf unserer Insel zu ver\u00e4ndern&#8220;, so Lola Garc\u00eda. &#8222;Wir wollen, dass alle Menschen die M\u00f6glichkeit haben, auf unseren Stra\u00dfen zu gehen, Zugang zu \u00f6ffentlichen Geb\u00e4uden zu erhalten, die Verkehrsmittel zu nutzen, eine Veranstaltung zu besuchen, an einer sportlichen oder kulturellen Aktivit\u00e4t teilzunehmen, unsere Wanderwege und Str\u00e4nde zu erkunden oder sich einfach frei und sicher zu bewegen. Das ist das Ziel dieses Projekts.  <\/p>\n<p>Die Stadtr\u00e4tin f\u00fcr Zug\u00e4nglichkeit, Carmen Alonso, wies darauf hin, dass seit Anfang dieses Jahres sektorale Rundtischgespr\u00e4che und B\u00fcrgerbefragungen stattgefunden haben. &#8222;Wir haben all diese wertvollen Informationen gesammelt und fast vierzig Ma\u00dfnahmen festgelegt, die kurz-, lang- und mittelfristig in verschiedenen Bereichen durchgef\u00fchrt werden sollen, um die Integration, den Zugang zu Dienstleistungen, Infrastruktur und Ressourcen auf der Insel zu verbessern. <\/p>\n<p>Nach Angaben des Kanarischen Instituts f\u00fcr Statistik (ISTAC) aus dem Jahr 2022 gibt es auf Fuerteventura mehr als 7.000 Menschen mit irgendeiner Einschr\u00e4nkung, die es ihnen erschwert, ihren t\u00e4glichen Aktivit\u00e4ten nachzugehen. Dies entspricht 6,17 % der gesamten Wohnbev\u00f6lkerung der Insel. <\/p>\n<p>Der Plan f\u00fcr die Barrierefreiheit auf Fuerteventura enth\u00e4lt fast vierzig konkrete Vorschl\u00e4ge zur Verbesserung der allgemeinen Zug\u00e4nglichkeit f\u00fcr diese Menschen in \u00f6ffentlichen Geb\u00e4uden und R\u00e4umen sowie in den Bereichen Verkehr, Kommunikation, B\u00fcrgerbeteiligung, Umwelt, Tourismus, Kultur und Sport sowie andere bereichs\u00fcbergreifende Ma\u00dfnahmen.<\/p>\n<p><strong>Ma\u00dfnahmen<\/strong><\/p>\n<p>Ra\u00fal Falc\u00f3n vom Erarbeitungsteam des Plans erkl\u00e4rte, dass das Dokument einen Zeithorizont von zehn Jahren hat. Zu den wichtigsten Zielen geh\u00f6ren die Entwicklung eines Verbesserungsplans, der in mindestens 70 % der \u00f6ffentlichen Geb\u00e4ude umgesetzt werden soll, eine Diagnose der Zug\u00e4nglichkeit von Verkehrsinfrastrukturen und ein verbesserter Zugang zu Informationen auf den Websites und Dienstleistungen des Cabildo. Das Programm umfasst auch die F\u00f6rderung des barrierefreien Tourismus sowie die Steigerung der Teilnahme von Menschen mit funktioneller Vielfalt an kulturellen und sportlichen Aktivit\u00e4ten um 35 %. Au\u00dferdem soll eine Diagnose der allgemeinen Zug\u00e4nglichkeit und der Beschilderung in den Naturgebieten Fuerteventuras durchgef\u00fchrt und die aktive Beteiligung von Menschen mit funktioneller Vielfalt an Beratungs- und Entscheidungsprozessen im Rahmen der B\u00fcrgerbeteiligung erh\u00f6ht werden, neben vielen anderen Ma\u00dfnahmen. All dies f\u00f6rdert die koordinierte Arbeit zwischen dem Inselrat von Fuerteventura und den Gemeinder\u00e4ten sowie die F\u00f6rderung von Sensibilisierungskampagnen auf der Insel.    <\/p>\n<\/div>\n","protected":false},"excerpt":{"rendered":"<p>24 Juli, 2025 Die Abteilung f\u00fcr Zug\u00e4nglichkeit schlie\u00dft die Ausarbeitung des Dokuments ab, das fast vierzig spezifische Ma\u00dfnahmen zur Verbesserung der Eingliederung, des Zugangs zu Dienstleistungen und zu den Infrastrukturen [&hellip;]<\/p>\n","protected":false},"author":1,"featured_media":8361,"comment_status":"open","ping_status":"open","sticky":false,"template":"","format":"standard","meta":{"inline_featured_image":false,"jnews-multi-image_gallery":[],"jnews_single_post":[],"jnews_primary_category":[],"jnews_social_meta":[],"jnews_override_counter":[],"jnews_post_split":[],"footnotes":""},"categories":[287],"tags":[375,216],"class_list":["post-8364","post","type-post","status-publish","format-standard","has-post-thumbnail","hentry","category-cabildo-de","tag-erreichbarkeit","tag-fuerteventura-de"],"jetpack_featured_media_url":"https:\/\/informacionlocal.es\/wp-content\/uploads\/2025\/07\/efe.jpeg","_links":{"self":[{"href":"https:\/\/informacionlocal.es\/de\/wp-json\/wp\/v2\/posts\/8364","targetHints":{"allow":["GET"]}}],"collection":[{"href":"https:\/\/informacionlocal.es\/de\/wp-json\/wp\/v2\/posts"}],"about":[{"href":"https:\/\/informacionlocal.es\/de\/wp-json\/wp\/v2\/types\/post"}],"author":[{"embeddable":true,"href":"https:\/\/informacionlocal.es\/de\/wp-json\/wp\/v2\/users\/1"}],"replies":[{"embeddable":true,"href":"https:\/\/informacionlocal.es\/de\/wp-json\/wp\/v2\/comments?post=8364"}],"version-history":[{"count":0,"href":"https:\/\/informacionlocal.es\/de\/wp-json\/wp\/v2\/posts\/8364\/revisions"}],"wp:featuredmedia":[{"embeddable":true,"href":"https:\/\/informacionlocal.es\/de\/wp-json\/wp\/v2\/media\/8361"}],"wp:attachment":[{"href":"https:\/\/informacionlocal.es\/de\/wp-json\/wp\/v2\/media?parent=8364"}],"wp:term":[{"taxonomy":"category","embeddable":true,"href":"https:\/\/informacionlocal.es\/de\/wp-json\/wp\/v2\/categories?post=8364"},{"taxonomy":"post_tag","embeddable":true,"href":"https:\/\/informacionlocal.es\/de\/wp-json\/wp\/v2\/tags?post=8364"}],"curies":[{"name":"wp","href":"https:\/\/api.w.org\/{rel}","templated":true}]}}