{"id":8341,"date":"2025-07-24T17:01:20","date_gmt":"2025-07-24T16:01:20","guid":{"rendered":"https:\/\/informacionlocal.es\/das-projekt-des-neuen-hafenbeckens-in-puerto-del-rosario-schreitet-planmaessig-voran\/"},"modified":"2025-07-24T17:01:20","modified_gmt":"2025-07-24T16:01:20","slug":"das-projekt-des-neuen-hafenbeckens-in-puerto-del-rosario-schreitet-planmaessig-voran","status":"publish","type":"post","link":"https:\/\/informacionlocal.es\/de\/das-projekt-des-neuen-hafenbeckens-in-puerto-del-rosario-schreitet-planmaessig-voran\/","title":{"rendered":"Das Projekt des neuen Hafenbeckens in Puerto del Rosario schreitet planm\u00e4\u00dfig voran."},"content":{"rendered":"<div class=\"entry-content\"><strong>24 Juli, 2025<\/strong><\/p>\n<p><em><strong>Das hat die Hafenbeh\u00f6rde der Pr\u00e4sidentin des Cabildo, Lola Garc\u00eda, und dem B\u00fcrgermeister von Puerto del Rosario, David de Vera, auf einer Sitzung ihres Verwaltungsrats mitgeteilt.<\/strong><\/em><\/p>\n<p><strong>Mittwoch, 16. Juli 2025.  <\/strong><\/p>\n<p>Das Projekt f\u00fcr den Bau des neuen Docks<br \/>\nam Kai von Puerto del Rosario schreitet planm\u00e4\u00dfig voran, wie<br \/>\nder Hafenbeh\u00f6rde heute, 24. Juli, in einer ordentlichen Sitzung<br \/>\nihres Verwaltungsrats versicherte.<\/p>\n<p>An dieser Sitzung nahmen die Pr\u00e4sidentin des Cabildo von Fuerteventura<br \/>\n, Lola Garc\u00eda, der B\u00fcrgermeister von Puerto del<br \/>\nRosario, David de Vera, und Juan Jes\u00fas<br \/>\nRodr\u00edguez Marichal als Vertreter des Allgemeinen Rates der Handelskammern<br \/>\nder Kanarischen Inseln teil, die die Bedeutung des Beginns einer strategischen Arbeit<br \/>\nbetonten, die die Funktionsf\u00e4higkeit des Hafens verbessern und damit die wirtschaftliche Aktivit\u00e4t auf der Insel<br \/>\nankurbeln wird.<\/p>\n<p>In diesem Zusammenhang hat die Pr\u00e4sidentin der Hafenbeh\u00f6rde<br \/>\n, Beatriz Calzada, erkl\u00e4rt, dass das Projekt wie geplant<br \/>\nvoranschreitet und die Fristen f\u00fcr den Beginn der Arbeiten eingehalten werden.<br \/>\nDie Arbeiten mit einem Budget von fast 40 Millionen Euro wurden an das Gemeinschaftsunternehmen<br \/>\nSociedad An\u00f3nima Trabajos y Obras-Obrasc\u00f3n Huarte Lain S.A. vergeben und werden<br \/>\nmit Mitteln des EFRE kofinanziert. <\/p>\n<p>Lola Garc\u00eda hob die Bedeutung des Projekts<br \/>\nhervor, &#8222;das eine historische Forderung Fuerteventuras erf\u00fcllt, da<br \/>\nnicht nur eine Erh\u00f6hung der Betriebskapazit\u00e4t des Hafens erm\u00f6glicht, sondern<br \/>\ndie Insel Fuerteventura als wichtigen logistischen Knotenpunkt im<br \/>\nArchipel festigt&#8220;.<\/p>\n<p>David de Vera betonte seinerseits die<br \/>\nBedeutung einer strategischen Arbeit f\u00fcr die Gemeinde, die nicht nur die Sicherheit und Funktionsf\u00e4higkeit des Hafens<br \/>\nverbessern wird, sondern auch die Position<br \/>\nvon Puerto del Rosario als Drehscheibe f\u00fcr den Ein- und Ausgang von Waren und<br \/>\nPassagieren nach Fuerteventura st\u00e4rken wird, mit dem damit verbundenen wirtschaftlichen Aufschwung&#8220;.<\/p>\n<p>Die Arbeiten umfassen den Bau einer<br \/>\nneuen Au\u00dfenstruktur, die den Handelskai vom<br \/>\ns\u00fcdlichen Bereich der derzeitigen Plattform aus mit einem ersten Abschnitt von 100 Metern L\u00e4nge<br \/>\nund einem zweiten Abschnitt von 375 Metern L\u00e4nge durchg\u00e4ngig machen wird. Das Projekt wird den<br \/>\nSchutz des Kais der Hauptstadt gegen Wellengang verbessern und das Anlegen<br \/>\nspezieller \u00d6ltanker erm\u00f6glichen, wodurch der derzeitige Kai f\u00fcr andere<br \/>\nNutzungen wie den Kreuzfahrtverkehr frei wird und seine Effizienz, Sicherheit und<br \/>\nFunktionsf\u00e4higkeit verbessert wird.   <\/p>\n<p><strong>Punta Pesebre<\/strong><\/p>\n<p>W\u00e4hrend der Sitzung des Verwaltungsrates der Hafenbeh\u00f6rde<br \/>\nwiederholte die Pr\u00e4sidentin der Insel, Lola Garc\u00eda,<br \/>\ndie Notwendigkeit, sofortige Ma\u00dfnahmen zur Reparatur und Verbesserung<br \/>\nder als Leuchtturm von Punta Pesebre (Naturpark Jand\u00eda) bekannten Anlage einzuleiten,<br \/>\nwie sie es am 14. Juli letzten Jahres schriftlich gefordert hatte. In diesem Zusammenhang hat die<br \/>\nPr\u00e4sidentin der Hafenbeh\u00f6rde ihre Bereitschaft ge\u00e4u\u00dfert, die<br \/>\nSituation f\u00fcr die Sanierung einer Infrastruktur zu untersuchen, die sich in einem<br \/>\nerheblichen Zustand befindet, der die Sicherheit und den Erhalt des Geb\u00e4udes,<br \/>\nsowie das Image Fuerteventuras beeintr\u00e4chtigt. <\/p>\n<\/div>\n","protected":false},"excerpt":{"rendered":"<p>24 Juli, 2025 Das hat die Hafenbeh\u00f6rde der Pr\u00e4sidentin des Cabildo, Lola Garc\u00eda, und dem B\u00fcrgermeister von Puerto del Rosario, David de Vera, auf einer Sitzung ihres Verwaltungsrats mitgeteilt. Mittwoch, [&hellip;]<\/p>\n","protected":false},"author":1,"featured_media":8337,"comment_status":"open","ping_status":"open","sticky":false,"template":"","format":"standard","meta":{"inline_featured_image":false,"jnews-multi-image_gallery":[],"jnews_single_post":[],"jnews_primary_category":[],"jnews_social_meta":[],"jnews_override_counter":[],"jnews_post_split":[],"footnotes":""},"categories":[287],"tags":[216],"class_list":["post-8341","post","type-post","status-publish","format-standard","has-post-thumbnail","hentry","category-cabildo-de","tag-fuerteventura-de"],"jetpack_featured_media_url":"https:\/\/informacionlocal.es\/wp-content\/uploads\/2025\/07\/dfdfdfd.jpeg","_links":{"self":[{"href":"https:\/\/informacionlocal.es\/de\/wp-json\/wp\/v2\/posts\/8341","targetHints":{"allow":["GET"]}}],"collection":[{"href":"https:\/\/informacionlocal.es\/de\/wp-json\/wp\/v2\/posts"}],"about":[{"href":"https:\/\/informacionlocal.es\/de\/wp-json\/wp\/v2\/types\/post"}],"author":[{"embeddable":true,"href":"https:\/\/informacionlocal.es\/de\/wp-json\/wp\/v2\/users\/1"}],"replies":[{"embeddable":true,"href":"https:\/\/informacionlocal.es\/de\/wp-json\/wp\/v2\/comments?post=8341"}],"version-history":[{"count":0,"href":"https:\/\/informacionlocal.es\/de\/wp-json\/wp\/v2\/posts\/8341\/revisions"}],"wp:featuredmedia":[{"embeddable":true,"href":"https:\/\/informacionlocal.es\/de\/wp-json\/wp\/v2\/media\/8337"}],"wp:attachment":[{"href":"https:\/\/informacionlocal.es\/de\/wp-json\/wp\/v2\/media?parent=8341"}],"wp:term":[{"taxonomy":"category","embeddable":true,"href":"https:\/\/informacionlocal.es\/de\/wp-json\/wp\/v2\/categories?post=8341"},{"taxonomy":"post_tag","embeddable":true,"href":"https:\/\/informacionlocal.es\/de\/wp-json\/wp\/v2\/tags?post=8341"}],"curies":[{"name":"wp","href":"https:\/\/api.w.org\/{rel}","templated":true}]}}