{"id":8317,"date":"2025-07-24T10:58:21","date_gmt":"2025-07-24T09:58:21","guid":{"rendered":"https:\/\/informacionlocal.es\/das-cabildo-fuehrt-ein-mobiles-recyclingzentrum-ein-um-das-recycling-auf-fuerteventura-weiter-zu-verbessern\/"},"modified":"2025-07-24T10:58:21","modified_gmt":"2025-07-24T09:58:21","slug":"das-cabildo-fuehrt-ein-mobiles-recyclingzentrum-ein-um-das-recycling-auf-fuerteventura-weiter-zu-verbessern","status":"publish","type":"post","link":"https:\/\/informacionlocal.es\/de\/das-cabildo-fuehrt-ein-mobiles-recyclingzentrum-ein-um-das-recycling-auf-fuerteventura-weiter-zu-verbessern\/","title":{"rendered":"Das Cabildo f\u00fchrt ein mobiles Recyclingzentrum ein, um das Recycling auf Fuerteventura weiter zu verbessern"},"content":{"rendered":"<div class=\"entry-content\"><strong>24 Juli, 2025<\/strong><\/p>\n<p><em><strong>Die Abfallbeh\u00f6rde erwirbt die erste Anlage dieser Art auf der Insel und nimmt sie in Betrieb, um das Recycling in jeden Winkel der Insel zu bringen.<\/strong><\/em><\/p>\n<p><em><strong>Die Daten und Zeiten f\u00fcr diese mobile Reinigungsstelle werden Mitte August bekannt gegeben.<\/strong><\/em><\/p>\n<p>In diesem Sommer wird die Inselregierung von Fuerteventura \u00fcber ihre Abfallbeh\u00f6rde eine mobile M\u00fcllsammelstelle einrichten, die den Bewohnern in allen Ecken der Insel das Recycling n\u00e4her bringen wird. Dies gaben heute die Pr\u00e4sidentin des Cabildo, Lola Garc\u00eda, und der Abfallbeauftragte der Insel, Enrique P\u00e9rez, bei der Vorstellung dieser mobilen Einrichtung bekannt. <\/p>\n<p>Laut Lola Garc\u00eda &#8222;ist es auf einer Insel mit gro\u00dfen Entfernungen wie Fuerteventura unerl\u00e4sslich, die verschiedenen Dienstleistungen n\u00e4her an die Bev\u00f6lkerung zu bringen. Aus diesem Grund richten wir auf Fuerteventura zum ersten Mal einen mobilen Punkt ein, der die Arbeit der festen Einrichtungen erg\u00e4nzt und so das Recycling auf der Insel weiter verbessert&#8220;.<\/p>\n<p>Lola Garc\u00eda hob &#8222;das zunehmende Bewusstsein der \u00d6ffentlichkeit hervor. Im vergangenen Jahr wurden in Majorero mehr als 9.000 Tonnen Abfall recycelt&#8220;. &#8222;Wir sind vom Schlusslicht zum Durchschnitt der Kanarischen Inseln aufgestiegen und stehen bei einigen wiederverwertbaren Fraktionen wie Glas an der Spitze. Wir m\u00fcssen uns also bei den B\u00fcrgern und ihrem Bewusstsein bedanken. Ohne ihre Mitwirkung w\u00e4re das alles nicht m\u00f6glich&#8220;. <\/p>\n<p>Der Inselrat Enrique P\u00e9rez weist darauf hin, dass &#8222;dieser Prozentsatz mit der Einf\u00fchrung der mobilen M\u00fcllsammelstelle, die in den verschiedenen Ortschaften Fuerteventuras unterwegs ist und die Abf\u00e4lle sammelt, die nicht in die Stra\u00dfencontainer passen, noch weiter ansteigen wird. Zum ersten Mal wird dieser Dienst den Menschen in den Gebieten n\u00e4her gebracht, die am weitesten von den festen Punkten entfernt sind.<\/p>\n<p>Die mobile Abgabestelle wird in den verschiedenen Ortschaften unterwegs sein. Die Nutzer k\u00f6nnen die Daten und Zeiten in einem Kalender einsehen, der voraussichtlich ab Mitte August auf der Website des Cabildo (cabildofuer.es) im Bereich Abfall und in den sozialen Netzwerken von &#8222;Fuerteventura Recicla&#8220; verf\u00fcgbar sein wird. P\u00e9rez dankte auch der Regierung der Kanarischen Inseln f\u00fcr die finanzielle Unterst\u00fctzung, die sie f\u00fcr die Einrichtung dieser mobilen M\u00fcllsammelstelle erhalten hat.  <\/p>\n<p>Gleichzeitig arbeitet das Cabildo von Fuerteventura mit den Gemeinden Hand in Hand, um die von den Gemeinden ben\u00f6tigten sauberen Stellen zu schaffen. Der Masterplan f\u00fcr die Abfallentsorgung auf Fuerteventura sieht den Bau von M\u00fcllsammelstellen in Corralejo, Antigua und der Gemeinde P\u00e1jara vor, wof\u00fcr die Gemeinden Grundst\u00fccke zur Verf\u00fcgung stellen m\u00fcssen. Dar\u00fcber hinaus setzt sich die Abfallbeh\u00f6rde f\u00fcr eine \u00c4nderung des M\u00fclltrennungsvertrags ein, um die H\u00e4ufigkeit und die Anzahl der Beh\u00e4lter zu erh\u00f6hen, was den Prozentsatz der M\u00fcllabfuhr weiter steigern d\u00fcrfte.  <\/p>\n<p>Das Cabildo de Fuerteventura hat au\u00dferdem 1,5 Millionen Euro aus eigenen Mitteln investiert, um den Maschinenpark des Umweltkomplexes Zurita und die verschiedenen Umschlaganlagen zu verbessern. Dar\u00fcber hinaus hat die Inselgesellschaft 1,1 Millionen Euro aus europ\u00e4ischen NextGeneration-Mitteln erhalten, um die Umschlaganlagen an den f\u00fcnften Container anzupassen. <\/p>\n<\/div>\n","protected":false},"excerpt":{"rendered":"<p>24 Juli, 2025 Die Abfallbeh\u00f6rde erwirbt die erste Anlage dieser Art auf der Insel und nimmt sie in Betrieb, um das Recycling in jeden Winkel der Insel zu bringen. Die [&hellip;]<\/p>\n","protected":false},"author":1,"featured_media":8313,"comment_status":"open","ping_status":"open","sticky":false,"template":"","format":"standard","meta":{"inline_featured_image":false,"jnews-multi-image_gallery":[],"jnews_single_post":[],"jnews_primary_category":[],"jnews_social_meta":[],"jnews_override_counter":[],"jnews_post_split":[],"footnotes":""},"categories":[287],"tags":[216,196],"class_list":["post-8317","post","type-post","status-publish","format-standard","has-post-thumbnail","hentry","category-cabildo-de","tag-fuerteventura-de","tag-gemeinden"],"jetpack_featured_media_url":"https:\/\/informacionlocal.es\/wp-content\/uploads\/2025\/07\/eeee-8.jpeg","_links":{"self":[{"href":"https:\/\/informacionlocal.es\/de\/wp-json\/wp\/v2\/posts\/8317","targetHints":{"allow":["GET"]}}],"collection":[{"href":"https:\/\/informacionlocal.es\/de\/wp-json\/wp\/v2\/posts"}],"about":[{"href":"https:\/\/informacionlocal.es\/de\/wp-json\/wp\/v2\/types\/post"}],"author":[{"embeddable":true,"href":"https:\/\/informacionlocal.es\/de\/wp-json\/wp\/v2\/users\/1"}],"replies":[{"embeddable":true,"href":"https:\/\/informacionlocal.es\/de\/wp-json\/wp\/v2\/comments?post=8317"}],"version-history":[{"count":0,"href":"https:\/\/informacionlocal.es\/de\/wp-json\/wp\/v2\/posts\/8317\/revisions"}],"wp:featuredmedia":[{"embeddable":true,"href":"https:\/\/informacionlocal.es\/de\/wp-json\/wp\/v2\/media\/8313"}],"wp:attachment":[{"href":"https:\/\/informacionlocal.es\/de\/wp-json\/wp\/v2\/media?parent=8317"}],"wp:term":[{"taxonomy":"category","embeddable":true,"href":"https:\/\/informacionlocal.es\/de\/wp-json\/wp\/v2\/categories?post=8317"},{"taxonomy":"post_tag","embeddable":true,"href":"https:\/\/informacionlocal.es\/de\/wp-json\/wp\/v2\/tags?post=8317"}],"curies":[{"name":"wp","href":"https:\/\/api.w.org\/{rel}","templated":true}]}}