{"id":8304,"date":"2025-07-24T10:01:22","date_gmt":"2025-07-24T09:01:22","guid":{"rendered":"https:\/\/informacionlocal.es\/die-frist-fuer-die-bewerbung-um-einen-stand-auf-der-buchmesse-von-fuerteventura-laeuft-jetzt-ab\/"},"modified":"2025-07-24T10:01:22","modified_gmt":"2025-07-24T09:01:22","slug":"die-frist-fuer-die-bewerbung-um-einen-stand-auf-der-buchmesse-von-fuerteventura-laeuft-jetzt-ab","status":"publish","type":"post","link":"https:\/\/informacionlocal.es\/de\/die-frist-fuer-die-bewerbung-um-einen-stand-auf-der-buchmesse-von-fuerteventura-laeuft-jetzt-ab\/","title":{"rendered":"Die Frist f\u00fcr die Bewerbung um einen Stand auf der Buchmesse von Fuerteventura l\u00e4uft jetzt ab."},"content":{"rendered":"<div class=\"entry-content\"><strong>24 Juli, 2025<\/strong><\/p>\n<p><em><strong>Die Literaturveranstaltung findet vom 23. bis 26. Oktober auf der Plaza del Centenario des Palacio de Formaci\u00f3n y Congresos statt.<\/strong><\/em><\/p>\n<p>Das Centro Bibliotecario Insular (Insel-Bibliothekszentrum), das der Kulturabteilung des Cabildo untersteht und von Rayco Le\u00f3n geleitet wird, hat die Bewerbungsfrist f\u00fcr Buchhandlungen und Verlage er\u00f6ffnet, die an der 35. Ausgabe der Buchmesse von Fuerteventura teilnehmen m\u00f6chten, die vom 23. bis 26. Oktober auf der Plaza del Centenario im Palacio de Formaci\u00f3n y Congresos der Insel stattfinden wird.<\/p>\n<p>Buchhandlungen, Verlage und Verb\u00e4nde, die einen Stand auf der Messe haben m\u00f6chten, m\u00fcssen sich bis zum 12. September beim Cabildo de Fuerteventura anmelden. Verb\u00e4nde, die an einem Stand interessiert sind, m\u00fcssen eine Buchhandlung auf der Messe haben und die Vorschriften der Veranstaltung einhalten. <\/p>\n<p>Das Centro Bibliotecario Insular, Organisator der Messe, arbeitet bereits an einem Programm, das Fuerteventura wieder zum Epizentrum der Literatur machen wird, mit Buchpr\u00e4sentationen, Treffen mit Autoren, Theater, Tanz, Zirkus, Workshops und Konzerten.  <\/p>\n<\/div>\n","protected":false},"excerpt":{"rendered":"<p>24 Juli, 2025 Die Literaturveranstaltung findet vom 23. bis 26. Oktober auf der Plaza del Centenario des Palacio de Formaci\u00f3n y Congresos statt. Das Centro Bibliotecario Insular (Insel-Bibliothekszentrum), das der [&hellip;]<\/p>\n","protected":false},"author":1,"featured_media":8301,"comment_status":"open","ping_status":"open","sticky":false,"template":"","format":"standard","meta":{"inline_featured_image":false,"jnews-multi-image_gallery":[],"jnews_single_post":[],"jnews_primary_category":[],"jnews_social_meta":[],"jnews_override_counter":[],"jnews_post_split":[],"footnotes":""},"categories":[287],"tags":[216],"class_list":["post-8304","post","type-post","status-publish","format-standard","has-post-thumbnail","hentry","category-cabildo-de","tag-fuerteventura-de"],"jetpack_featured_media_url":"https:\/\/informacionlocal.es\/wp-content\/uploads\/2025\/07\/feria-del-libro.jpeg","_links":{"self":[{"href":"https:\/\/informacionlocal.es\/de\/wp-json\/wp\/v2\/posts\/8304","targetHints":{"allow":["GET"]}}],"collection":[{"href":"https:\/\/informacionlocal.es\/de\/wp-json\/wp\/v2\/posts"}],"about":[{"href":"https:\/\/informacionlocal.es\/de\/wp-json\/wp\/v2\/types\/post"}],"author":[{"embeddable":true,"href":"https:\/\/informacionlocal.es\/de\/wp-json\/wp\/v2\/users\/1"}],"replies":[{"embeddable":true,"href":"https:\/\/informacionlocal.es\/de\/wp-json\/wp\/v2\/comments?post=8304"}],"version-history":[{"count":0,"href":"https:\/\/informacionlocal.es\/de\/wp-json\/wp\/v2\/posts\/8304\/revisions"}],"wp:featuredmedia":[{"embeddable":true,"href":"https:\/\/informacionlocal.es\/de\/wp-json\/wp\/v2\/media\/8301"}],"wp:attachment":[{"href":"https:\/\/informacionlocal.es\/de\/wp-json\/wp\/v2\/media?parent=8304"}],"wp:term":[{"taxonomy":"category","embeddable":true,"href":"https:\/\/informacionlocal.es\/de\/wp-json\/wp\/v2\/categories?post=8304"},{"taxonomy":"post_tag","embeddable":true,"href":"https:\/\/informacionlocal.es\/de\/wp-json\/wp\/v2\/tags?post=8304"}],"curies":[{"name":"wp","href":"https:\/\/api.w.org\/{rel}","templated":true}]}}