{"id":8293,"date":"2025-07-24T02:17:35","date_gmt":"2025-07-24T01:17:35","guid":{"rendered":"https:\/\/informacionlocal.es\/puerto-del-rosario-setzt-die-intensive-reinigungskampagne-love-me-a-little-bit-more-fort\/"},"modified":"2025-07-24T02:17:35","modified_gmt":"2025-07-24T01:17:35","slug":"puerto-del-rosario-setzt-die-intensive-reinigungskampagne-love-me-a-little-bit-more-fort","status":"publish","type":"post","link":"https:\/\/informacionlocal.es\/de\/puerto-del-rosario-setzt-die-intensive-reinigungskampagne-love-me-a-little-bit-more-fort\/","title":{"rendered":"Puerto del Rosario setzt die intensive Reinigungskampagne &#8222;Love me a little bit more&#8220; fort."},"content":{"rendered":"<div class=\"entry-content\">\n<div class=\"xdj266r x14z9mp xat24cr x1lziwak x1vvkbs x126k92a\">\n<div dir=\"auto\">Puerto del Rosario sauberer machen, Viertel f\u00fcr Viertel.<\/div>\n<\/div>\n<div class=\"x14z9mp xat24cr x1lziwak x1vvkbs xtlvy1s x126k92a\">\n<div dir=\"auto\"><span class=\"html-span xexx8yu xyri2b x18d9i69 x1c1uobl x1hl2dhg x16tdsg8 x1vvkbs x3nfvp2 x1j61x8r x1fcty0u xdj266r xat24cr xm2jcoa x1mpyi22 xxymvpz xlup9mm x1kky2od\"><img loading=\"lazy\" decoding=\"async\" loading=\"lazy\" class=\"xz74otr x15mokao x1ga7v0g x16uus16 xbiv7yw\" src=\"https:\/\/informacionlocal.es\/wp-content\/uploads\/2025\/07\/2705-2.png\" alt=\"\u2705\" width=\"16\" height=\"16\" title=\"2705-2\"><\/span>  In dieser Woche hat das Team der St\u00e4dtischen Dienste mit Unterst\u00fctzung der Abteilungen Verkehr, Ortspolizei, Parks und G\u00e4rten sowie Ortsentwicklung im Rahmen der Kampagne &#8222;Love me a little bit more&#8220; Reinigungs- und Instandhaltungsarbeiten im Viertel El Charco, insbesondere in der Stra\u00dfe Almirante Lallerman, durchgef\u00fchrt.<\/div>\n<\/div>\n<div class=\"x14z9mp xat24cr x1lziwak x1vvkbs xtlvy1s x126k92a\">\n<div dir=\"auto\">Ein entschlossenes Engagement f\u00fcr besser gepflegte und angenehmere \u00f6ffentliche R\u00e4ume f\u00fcr alle.<\/div>\n<\/div>\n<div class=\"x14z9mp xat24cr x1lziwak x1vvkbs xtlvy1s x126k92a\">\n<div dir=\"auto\">Gemeinsam haben wir es geschafft!<\/div>\n<\/div>\n<\/div>\n","protected":false},"excerpt":{"rendered":"<p>Puerto del Rosario sauberer machen, Viertel f\u00fcr Viertel. In dieser Woche hat das Team der St\u00e4dtischen Dienste mit Unterst\u00fctzung der Abteilungen Verkehr, Ortspolizei, Parks und G\u00e4rten sowie Ortsentwicklung im Rahmen [&hellip;]<\/p>\n","protected":false},"author":1,"featured_media":8285,"comment_status":"open","ping_status":"open","sticky":false,"template":"","format":"standard","meta":{"inline_featured_image":false,"jnews-multi-image_gallery":[],"jnews_single_post":[],"jnews_primary_category":[],"jnews_social_meta":[],"jnews_override_counter":[],"jnews_post_split":[],"footnotes":""},"categories":[293],"tags":[],"class_list":["post-8293","post","type-post","status-publish","format-standard","has-post-thumbnail","hentry","category-puerto-del-rosario-de"],"jetpack_featured_media_url":"https:\/\/informacionlocal.es\/wp-content\/uploads\/2025\/07\/charco-22-limpieza-0725-operarios-y-maquina-presion.jpg","_links":{"self":[{"href":"https:\/\/informacionlocal.es\/de\/wp-json\/wp\/v2\/posts\/8293","targetHints":{"allow":["GET"]}}],"collection":[{"href":"https:\/\/informacionlocal.es\/de\/wp-json\/wp\/v2\/posts"}],"about":[{"href":"https:\/\/informacionlocal.es\/de\/wp-json\/wp\/v2\/types\/post"}],"author":[{"embeddable":true,"href":"https:\/\/informacionlocal.es\/de\/wp-json\/wp\/v2\/users\/1"}],"replies":[{"embeddable":true,"href":"https:\/\/informacionlocal.es\/de\/wp-json\/wp\/v2\/comments?post=8293"}],"version-history":[{"count":0,"href":"https:\/\/informacionlocal.es\/de\/wp-json\/wp\/v2\/posts\/8293\/revisions"}],"wp:featuredmedia":[{"embeddable":true,"href":"https:\/\/informacionlocal.es\/de\/wp-json\/wp\/v2\/media\/8285"}],"wp:attachment":[{"href":"https:\/\/informacionlocal.es\/de\/wp-json\/wp\/v2\/media?parent=8293"}],"wp:term":[{"taxonomy":"category","embeddable":true,"href":"https:\/\/informacionlocal.es\/de\/wp-json\/wp\/v2\/categories?post=8293"},{"taxonomy":"post_tag","embeddable":true,"href":"https:\/\/informacionlocal.es\/de\/wp-json\/wp\/v2\/tags?post=8293"}],"curies":[{"name":"wp","href":"https:\/\/api.w.org\/{rel}","templated":true}]}}