{"id":8254,"date":"2025-07-23T13:58:37","date_gmt":"2025-07-23T12:58:37","guid":{"rendered":"https:\/\/informacionlocal.es\/lustig-erfrischend-und-besonders-inklusiv-funteacs-sommercamp-in-pozo-negro\/"},"modified":"2025-07-23T13:58:37","modified_gmt":"2025-07-23T12:58:37","slug":"lustig-erfrischend-und-besonders-inklusiv-funteacs-sommercamp-in-pozo-negro","status":"publish","type":"post","link":"https:\/\/informacionlocal.es\/de\/lustig-erfrischend-und-besonders-inklusiv-funteacs-sommercamp-in-pozo-negro\/","title":{"rendered":"Lustig, erfrischend und besonders inklusiv: Funteacs Sommercamp in Pozo Negro"},"content":{"rendered":"<div class=\"elementor-widget-container\">\n<p><strong>Lustig, erfrischend und besonders inklusiv: Funteacs Sommercamp in Pozo Negro<\/strong><\/p>\n<p><strong>&#8211; Das integrative Sommercamp von Funteac hat es den Kindern erm\u00f6glicht, frei und sicher Teamspiele, Abenteuer und Aktivit\u00e4ten am Strand und im Meer von Pozo Negro zu genie\u00dfen.<\/strong><\/p>\n<p>Das von der Kanarischen Stiftung zur Unterst\u00fctzung von Neuroentwicklungsst\u00f6rungen (FUNTEAC) in Pozo Negro organisierte integrative Sommercamp ist am Mittwoch, den 23. Juli, zu Ende gegangen.<\/p>\n<p>Die Stadtverwaltung von Antigua, Abteilung f\u00fcr soziale Dienste, hat mit der organisierenden Stiftung Funteac zusammengearbeitet, die seit letztem Montag in Pozo Negro ein lustiges, erfrischendes und besonders integratives Kindercamp veranstaltet.<\/p>\n<p>Die Arbeit und das Engagement von Funteac ist gro\u00dfartig, sagt der B\u00fcrgermeister Mat\u00edas Pe\u00f1a Garc\u00eda, sowohl wegen des Engagements als auch wegen der fortlaufenden Ausbildungsprojekte, der Familie, der Beratung, der Workshops oder wie in diesem Fall eines integrativen Camps, das Kindern die Freiheit bietet, sich auszudr\u00fccken und sich ohne Komplexe in einer sicheren, lustigen und erfrischenden Umgebung zu entwickeln, wie in diesen Tagen in Pozo Negro.<\/p>\n<p>Der B\u00fcrgermeister und die Stadtr\u00e4tin f\u00fcr Soziales, Am\u00e9rica Soto Betancor, besuchten am Mittwochmorgen das Inklusionscamp Funteac in Pozo Negro. Sie begleiteten die Kinder, die Pr\u00e4sidentin der Stiftung, Fabiola Moreno, und die jungen Betreuer, die an diesem Tag teilnahmen, der einen Sommervormittag mit Spielen, Abenteuern und Meer zu einem unvergesslichen Erlebnis werden lie\u00df.<\/p>\n<p>Stadtrat Soto Betancor hebt auch die Arbeit von Funteac hervor, insbesondere in der Gemeinde Antigua, wo jedes ihrer Angebote immer gut aufgenommen wird und wo sie eine der Einrichtungen ist, die Zusch\u00fcsse zu ihren Ausgaben erh\u00e4lt und an ihrer Kontinuit\u00e4t mitarbeitet.<\/p>\n<\/div>\n","protected":false},"excerpt":{"rendered":"<p><strong>Lustig, erfrischend und besonders inklusiv: Funteacs Sommercamp in Pozo Negro<\/strong><\/p>\n","protected":false},"author":1,"featured_media":8249,"comment_status":"open","ping_status":"open","sticky":false,"template":"","format":"standard","meta":{"inline_featured_image":false,"jnews-multi-image_gallery":[],"jnews_single_post":[],"jnews_primary_category":[],"jnews_social_meta":[],"jnews_override_counter":[],"jnews_post_split":[],"footnotes":""},"categories":[283],"tags":[],"class_list":["post-8254","post","type-post","status-publish","format-standard","has-post-thumbnail","hentry","category-antigua-de"],"jetpack_featured_media_url":"https:\/\/informacionlocal.es\/wp-content\/uploads\/2025\/07\/divertido-refrescante-y-especialmente-inclusivo-el-campamento-de-verano-de-funteac-en-pozo-negro-1-scaled-1.jpg","_links":{"self":[{"href":"https:\/\/informacionlocal.es\/de\/wp-json\/wp\/v2\/posts\/8254","targetHints":{"allow":["GET"]}}],"collection":[{"href":"https:\/\/informacionlocal.es\/de\/wp-json\/wp\/v2\/posts"}],"about":[{"href":"https:\/\/informacionlocal.es\/de\/wp-json\/wp\/v2\/types\/post"}],"author":[{"embeddable":true,"href":"https:\/\/informacionlocal.es\/de\/wp-json\/wp\/v2\/users\/1"}],"replies":[{"embeddable":true,"href":"https:\/\/informacionlocal.es\/de\/wp-json\/wp\/v2\/comments?post=8254"}],"version-history":[{"count":0,"href":"https:\/\/informacionlocal.es\/de\/wp-json\/wp\/v2\/posts\/8254\/revisions"}],"wp:featuredmedia":[{"embeddable":true,"href":"https:\/\/informacionlocal.es\/de\/wp-json\/wp\/v2\/media\/8249"}],"wp:attachment":[{"href":"https:\/\/informacionlocal.es\/de\/wp-json\/wp\/v2\/media?parent=8254"}],"wp:term":[{"taxonomy":"category","embeddable":true,"href":"https:\/\/informacionlocal.es\/de\/wp-json\/wp\/v2\/categories?post=8254"},{"taxonomy":"post_tag","embeddable":true,"href":"https:\/\/informacionlocal.es\/de\/wp-json\/wp\/v2\/tags?post=8254"}],"curies":[{"name":"wp","href":"https:\/\/api.w.org\/{rel}","templated":true}]}}