{"id":8241,"date":"2025-07-23T12:58:22","date_gmt":"2025-07-23T11:58:22","guid":{"rendered":"https:\/\/informacionlocal.es\/fuerteventura-foerdert-inklusion-mit-einem-neuen-kanarischen-ringer-tag-fuer-behinderte\/"},"modified":"2025-07-23T12:58:22","modified_gmt":"2025-07-23T11:58:22","slug":"fuerteventura-foerdert-inklusion-mit-einem-neuen-kanarischen-ringer-tag-fuer-behinderte","status":"publish","type":"post","link":"https:\/\/informacionlocal.es\/de\/fuerteventura-foerdert-inklusion-mit-einem-neuen-kanarischen-ringer-tag-fuer-behinderte\/","title":{"rendered":"Fuerteventura f\u00f6rdert Inklusion mit einem neuen kanarischen Ringer-Tag f\u00fcr Behinderte"},"content":{"rendered":"<div class=\"entry-content\"><strong>23. Juli, 2025<\/strong><\/p>\n<p><em><strong>Die Bereiche Zug\u00e4nglichkeit und Sport des Cabildo f\u00f6rdern in Zusammenarbeit mit dem Inselverband und Adivia diese integrative Aktivit\u00e4t, um den traditionellen Sport allen B\u00fcrgern n\u00e4her zu bringen.<\/strong><\/em><\/p>\n<p>Die Inselregierung von Fuerteventura f\u00f6rdert \u00fcber die Bereiche Zug\u00e4nglichkeit und Sport weiterhin das angepasste kanarische Ringen auf der Insel. So wird in Zusammenarbeit mit dem Kanarischen Ringerverband und dem Verband ADIVIA ein neuer Tag des angepassten kanarischen Ringens veranstaltet, eine integrative Aktivit\u00e4t, die diesen traditionellen Sport allen B\u00fcrgern n\u00e4her bringen soll, mit besonderem Augenmerk auf Menschen mit funktionellen Einschr\u00e4nkungen. <\/p>\n<p>Der Tag findet am Freitag, den 12. September, von 10.00 bis 13.00 Uhr in der Wrestling-Arena in Puerto del Rosario statt. An diesem Tag k\u00f6nnen die Teilnehmer Lucha Canaria in einem angepassten, sicheren und integrativen Umfeld kennenlernen und praktizieren. Dies ist eine einmalige Gelegenheit, die lokale Kultur und den Sport zu genie\u00dfen und dabei die Teilnahme, Integration und Chancengleichheit zu f\u00f6rdern.  <\/p>\n<p>Diese Aktivit\u00e4t ist f\u00fcr die breite \u00d6ffentlichkeit zug\u00e4nglich und erfordert keine Vorkenntnisse. Alle Informationen erhalten Sie unter der Telefonnummer 645 630 943 und per E-Mail an adiviafuerteventura@gmail.com <\/p>\n<p>Die Stadtr\u00e4tin f\u00fcr Zug\u00e4nglichkeit, Carmen Alonso, und der Stadtrat f\u00fcr Sport, Luis Gonz\u00e1lez, betonen die Bedeutung dieser Aktivit\u00e4t im Rahmen des Engagements des Cabildo de Fuerteventura f\u00fcr die F\u00f6rderung der Inklusion und die Verbreitung des lokalen Sports.<\/p>\n<\/div>\n","protected":false},"excerpt":{"rendered":"<p>23. Juli, 2025 Die Bereiche Zug\u00e4nglichkeit und Sport des Cabildo f\u00f6rdern in Zusammenarbeit mit dem Inselverband und Adivia diese integrative Aktivit\u00e4t, um den traditionellen Sport allen B\u00fcrgern n\u00e4her zu bringen. [&hellip;]<\/p>\n","protected":false},"author":1,"featured_media":8237,"comment_status":"open","ping_status":"open","sticky":false,"template":"","format":"standard","meta":{"inline_featured_image":false,"jnews-multi-image_gallery":[],"jnews_single_post":[],"jnews_primary_category":[],"jnews_social_meta":[],"jnews_override_counter":[],"jnews_post_split":[],"footnotes":""},"categories":[287],"tags":[216],"class_list":["post-8241","post","type-post","status-publish","format-standard","has-post-thumbnail","hentry","category-cabildo-de","tag-fuerteventura-de"],"jetpack_featured_media_url":"https:\/\/informacionlocal.es\/wp-content\/uploads\/2025\/07\/ewee.jpeg","_links":{"self":[{"href":"https:\/\/informacionlocal.es\/de\/wp-json\/wp\/v2\/posts\/8241","targetHints":{"allow":["GET"]}}],"collection":[{"href":"https:\/\/informacionlocal.es\/de\/wp-json\/wp\/v2\/posts"}],"about":[{"href":"https:\/\/informacionlocal.es\/de\/wp-json\/wp\/v2\/types\/post"}],"author":[{"embeddable":true,"href":"https:\/\/informacionlocal.es\/de\/wp-json\/wp\/v2\/users\/1"}],"replies":[{"embeddable":true,"href":"https:\/\/informacionlocal.es\/de\/wp-json\/wp\/v2\/comments?post=8241"}],"version-history":[{"count":0,"href":"https:\/\/informacionlocal.es\/de\/wp-json\/wp\/v2\/posts\/8241\/revisions"}],"wp:featuredmedia":[{"embeddable":true,"href":"https:\/\/informacionlocal.es\/de\/wp-json\/wp\/v2\/media\/8237"}],"wp:attachment":[{"href":"https:\/\/informacionlocal.es\/de\/wp-json\/wp\/v2\/media?parent=8241"}],"wp:term":[{"taxonomy":"category","embeddable":true,"href":"https:\/\/informacionlocal.es\/de\/wp-json\/wp\/v2\/categories?post=8241"},{"taxonomy":"post_tag","embeddable":true,"href":"https:\/\/informacionlocal.es\/de\/wp-json\/wp\/v2\/tags?post=8241"}],"curies":[{"name":"wp","href":"https:\/\/api.w.org\/{rel}","templated":true}]}}