{"id":8229,"date":"2025-07-23T05:01:56","date_gmt":"2025-07-23T04:01:56","guid":{"rendered":"https:\/\/informacionlocal.es\/die-stadtverwaltung-fuehrt-verbesserungsarbeiten-am-strand-von-puerto-lajas-durch\/"},"modified":"2025-07-23T05:01:56","modified_gmt":"2025-07-23T04:01:56","slug":"die-stadtverwaltung-fuehrt-verbesserungsarbeiten-am-strand-von-puerto-lajas-durch","status":"publish","type":"post","link":"https:\/\/informacionlocal.es\/de\/die-stadtverwaltung-fuehrt-verbesserungsarbeiten-am-strand-von-puerto-lajas-durch\/","title":{"rendered":"Die Stadtverwaltung f\u00fchrt Verbesserungsarbeiten am Strand von Puerto Lajas durch"},"content":{"rendered":"<div class=\"entry-content\">\n<div class=\"xdj266r x14z9mp xat24cr x1lziwak x1vvkbs x126k92a\">\n<div dir=\"auto\">Die Stadtverwaltung von Puerto del Rosario f\u00fchrt \u00fcber die Abteilung f\u00fcr Str\u00e4nde und die Abteilung f\u00fcr Dienstleistungen verschiedene Ma\u00dfnahmen zur Verbesserung des Strandes von Puerto Lajas durch, mit dem Ziel, seine Einrichtungen zu optimieren und dieses emblematische Fischerdorf zu versch\u00f6nern:<\/div>\n<\/div>\n<div class=\"x14z9mp xat24cr x1lziwak x1vvkbs xtlvy1s x126k92a\">\n<div dir=\"auto\"><span class=\"html-span xexx8yu xyri2b x18d9i69 x1c1uobl x1hl2dhg x16tdsg8 x1vvkbs x3nfvp2 x1j61x8r x1fcty0u xdj266r xat24cr xm2jcoa x1mpyi22 xxymvpz xlup9mm x1kky2od\"><img loading=\"lazy\" decoding=\"async\" loading=\"lazy\" class=\"xz74otr x15mokao x1ga7v0g x16uus16 xbiv7yw\" src=\"https:\/\/informacionlocal.es\/wp-content\/uploads\/2025\/07\/2705-1.png\" alt=\"\u2705\" width=\"16\" height=\"16\" title=\"2705-1\"><\/span>  Der PRM-Bereich (Personen mit eingeschr\u00e4nkter Mobilit\u00e4t) wurde neu gestrichen.<\/div>\n<div dir=\"auto\"><span class=\"html-span xexx8yu xyri2b x18d9i69 x1c1uobl x1hl2dhg x16tdsg8 x1vvkbs x3nfvp2 x1j61x8r x1fcty0u xdj266r xat24cr xm2jcoa x1mpyi22 xxymvpz xlup9mm x1kky2od\"><img loading=\"lazy\" decoding=\"async\" loading=\"lazy\" class=\"xz74otr x15mokao x1ga7v0g x16uus16 xbiv7yw\" src=\"https:\/\/informacionlocal.es\/wp-content\/uploads\/2025\/07\/2705-1.png\" alt=\"\u2705\" width=\"16\" height=\"16\" title=\"2705-1\"><\/span>  Verst\u00e4rkte angepasste schattierte Fl\u00e4che<\/div>\n<div dir=\"auto\"><span class=\"html-span xexx8yu xyri2b x18d9i69 x1c1uobl x1hl2dhg x16tdsg8 x1vvkbs x3nfvp2 x1j61x8r x1fcty0u xdj266r xat24cr xm2jcoa x1mpyi22 xxymvpz xlup9mm x1kky2od\"><img loading=\"lazy\" decoding=\"async\" loading=\"lazy\" class=\"xz74otr x15mokao x1ga7v0g x16uus16 xbiv7yw\" src=\"https:\/\/informacionlocal.es\/wp-content\/uploads\/2025\/07\/2705-1.png\" alt=\"\u2705\" width=\"16\" height=\"16\" title=\"2705-1\"><\/span>  Verlassene Gegenst\u00e4nde vom Strand entfernt<\/div>\n<div dir=\"auto\"><span class=\"html-span xexx8yu xyri2b x18d9i69 x1c1uobl x1hl2dhg x16tdsg8 x1vvkbs x3nfvp2 x1j61x8r x1fcty0u xdj266r xat24cr xm2jcoa x1mpyi22 xxymvpz xlup9mm x1kky2od\"><img loading=\"lazy\" decoding=\"async\" loading=\"lazy\" class=\"xz74otr x15mokao x1ga7v0g x16uus16 xbiv7yw\" src=\"https:\/\/informacionlocal.es\/wp-content\/uploads\/2025\/07\/2705-1.png\" alt=\"\u2705\" width=\"16\" height=\"16\" title=\"2705-1\"><\/span>  Es wurde eine neue Zugangsrampe zum Behandlungsmodul installiert.<\/div>\n<div dir=\"auto\"><span class=\"html-span xexx8yu xyri2b x18d9i69 x1c1uobl x1hl2dhg x16tdsg8 x1vvkbs x3nfvp2 x1j61x8r x1fcty0u xdj266r xat24cr xm2jcoa x1mpyi22 xxymvpz xlup9mm x1kky2od\"><img loading=\"lazy\" decoding=\"async\" loading=\"lazy\" class=\"xz74otr x15mokao x1ga7v0g x16uus16 xbiv7yw\" src=\"https:\/\/informacionlocal.es\/wp-content\/uploads\/2025\/07\/2705-1.png\" alt=\"\u2705\" width=\"16\" height=\"16\" title=\"2705-1\"><\/span>  Die Erneuerung aller Hinweisschilder ist im Gange.<\/div>\n<\/div>\n<div class=\"x14z9mp xat24cr x1lziwak x1vvkbs xtlvy1s x126k92a\">\n<div dir=\"auto\">In den n\u00e4chsten Monaten werden wir die Renovierung dieses K\u00fcstenbereichs fortsetzen und damit unser Engagement f\u00fcr das Wohlbefinden, die Zug\u00e4nglichkeit und die Freude der Bewohner und Besucher bekr\u00e4ftigen.<\/div>\n<\/div>\n<\/div>\n","protected":false},"excerpt":{"rendered":"<p>Die Stadtverwaltung von Puerto del Rosario f\u00fchrt \u00fcber die Abteilung f\u00fcr Str\u00e4nde und die Abteilung f\u00fcr Dienstleistungen verschiedene Ma\u00dfnahmen zur Verbesserung des Strandes von Puerto Lajas durch, mit dem Ziel, [&hellip;]<\/p>\n","protected":false},"author":1,"featured_media":8221,"comment_status":"open","ping_status":"open","sticky":false,"template":"","format":"standard","meta":{"inline_featured_image":false,"jnews-multi-image_gallery":[],"jnews_single_post":[],"jnews_primary_category":[],"jnews_social_meta":[],"jnews_override_counter":[],"jnews_post_split":[],"footnotes":""},"categories":[293],"tags":[],"class_list":["post-8229","post","type-post","status-publish","format-standard","has-post-thumbnail","hentry","category-puerto-del-rosario-de"],"jetpack_featured_media_url":"https:\/\/informacionlocal.es\/wp-content\/uploads\/2025\/07\/pto-lajas-titu-0725-operario-sombra-1.jpg","_links":{"self":[{"href":"https:\/\/informacionlocal.es\/de\/wp-json\/wp\/v2\/posts\/8229","targetHints":{"allow":["GET"]}}],"collection":[{"href":"https:\/\/informacionlocal.es\/de\/wp-json\/wp\/v2\/posts"}],"about":[{"href":"https:\/\/informacionlocal.es\/de\/wp-json\/wp\/v2\/types\/post"}],"author":[{"embeddable":true,"href":"https:\/\/informacionlocal.es\/de\/wp-json\/wp\/v2\/users\/1"}],"replies":[{"embeddable":true,"href":"https:\/\/informacionlocal.es\/de\/wp-json\/wp\/v2\/comments?post=8229"}],"version-history":[{"count":0,"href":"https:\/\/informacionlocal.es\/de\/wp-json\/wp\/v2\/posts\/8229\/revisions"}],"wp:featuredmedia":[{"embeddable":true,"href":"https:\/\/informacionlocal.es\/de\/wp-json\/wp\/v2\/media\/8221"}],"wp:attachment":[{"href":"https:\/\/informacionlocal.es\/de\/wp-json\/wp\/v2\/media?parent=8229"}],"wp:term":[{"taxonomy":"category","embeddable":true,"href":"https:\/\/informacionlocal.es\/de\/wp-json\/wp\/v2\/categories?post=8229"},{"taxonomy":"post_tag","embeddable":true,"href":"https:\/\/informacionlocal.es\/de\/wp-json\/wp\/v2\/tags?post=8229"}],"curies":[{"name":"wp","href":"https:\/\/api.w.org\/{rel}","templated":true}]}}