{"id":8212,"date":"2025-07-22T22:02:25","date_gmt":"2025-07-22T21:02:25","guid":{"rendered":"https:\/\/informacionlocal.es\/die-teilnehmer-des-pfae-gj-fuerteventura-kuemmert-sich-um-sie-zu-hause-sind-in-der-pflege-von-menschen-mit-besonderen-koerperlichen-geistigen-und-sozialen-beduerfnissen-ausgebildet\/"},"modified":"2025-07-22T22:02:25","modified_gmt":"2025-07-22T21:02:25","slug":"die-teilnehmer-des-pfae-gj-fuerteventura-kuemmert-sich-um-sie-zu-hause-sind-in-der-pflege-von-menschen-mit-besonderen-koerperlichen-geistigen-und-sozialen-beduerfnissen-ausgebildet","status":"publish","type":"post","link":"https:\/\/informacionlocal.es\/de\/die-teilnehmer-des-pfae-gj-fuerteventura-kuemmert-sich-um-sie-zu-hause-sind-in-der-pflege-von-menschen-mit-besonderen-koerperlichen-geistigen-und-sozialen-beduerfnissen-ausgebildet\/","title":{"rendered":"Die Teilnehmer des PFAE GJ &#8222;Fuerteventura k\u00fcmmert sich um Sie zu Hause&#8220; sind in der Pflege von Menschen mit besonderen k\u00f6rperlichen, geistigen und sozialen Bed\u00fcrfnissen ausgebildet."},"content":{"rendered":"<div class=\"entry-content\"><strong>22 Juli, 2025<\/strong><\/p>\n<p><em><strong>Die studentischen Mitarbeiter werden seit April letzten Jahres ausgebildet und werden in den kommenden Wochen mit der Betreuung von Menschen in sozialen Einrichtungen und Heimen beginnen.<\/strong><\/em><strong>M<\/strong><\/p>\n<p>Insgesamt f\u00fcnfzehn Personen werden dank des PFAE GJ &#8222;Fuerteventura k\u00fcmmert sich um Sie zu Hause&#8220; des Cabildo von Fuerteventura in der Professionalit\u00e4t der Sozial- und Gesundheitspflege ausgebildet. Die Teilnehmer erhalten diese Ausbildung seit April letzten Jahres und werden in den kommenden Wochen mit der Betreuung von abh\u00e4ngigen Menschen mit besonderen Bed\u00fcrfnissen in Heimen und sozialen Einrichtungen beginnen. <\/p>\n<p>Die ersten Arbeiten und Dienstleistungen werden in der Behindertenresidenz auf der Insel Fuerteventura, im Tageszentrum f\u00fcr Behinderte in Puerto del Rosario und im Tageszentrum f\u00fcr abh\u00e4ngige Personen &#8222;Josefina Pl\u00e1&#8220; beginnen.<\/p>\n<p>Zu den wichtigsten Arbeiten und Dienstleistungen, die durchgef\u00fchrt werden, geh\u00f6rt die Unterst\u00fctzung im Bereich der sozialen und gesundheitlichen Betreuung von Menschen mit besonderen k\u00f6rperlichen, geistigen und sozialen Bed\u00fcrfnissen, in Abstimmung mit dem Bereich Soziale Ma\u00dfnahmen des Cabildo. Zu diesem Zweck werden geeignete Strategien eingesetzt, um die pers\u00f6nliche Autonomie dieser Menschen und ihre Beziehungen zu ihrer Umwelt zu verbessern. <\/p>\n<p>Die Stadtr\u00e4tin f\u00fcr Besch\u00e4ftigungsf\u00f6rderung, Nuria Cabrera, und der Techniker des kanarischen Arbeitsamtes, Antonio Ojeda, besuchten den Workshop, wo sie den theoretischen Teil des Unterrichts miterleben konnten. Sowohl Nuria Cabrera als auch Ojeda bedankten sich f\u00fcr die Arbeit, die sie im Rahmen des \u00f6ffentlichen Dienstes leisten, der f\u00fcr die Versorgung der Menschen auf Fuerteventura sehr wichtig ist. <\/p>\n<p>Cabrera f\u00fcgte hinzu, dass &#8222;wir im Cabildo uns \u00fcber die Bedeutung von Besch\u00e4ftigungspl\u00e4nen im Klaren sind, die Arbeitslosen Besch\u00e4ftigungsm\u00f6glichkeiten bieten. Diese Programme zielen auf neue und vielversprechende Bereiche auf Fuerteventura ab, sowie auf die Bed\u00fcrfnisse, die die B\u00fcrger selbst von uns verlangen, wie in diesem Fall die Aufmerksamkeit f\u00fcr die Menschen&#8220;.<\/p>\n<p>Die Investition des PFAE GJ &#8222;Fuerteventura k\u00fcmmert sich um dich zu Hause&#8220; bel\u00e4uft sich auf 448.501,63 Euro. Das Projekt wird vom kanarischen Arbeitsamt finanziert und zu 85% vom Europ\u00e4ischen Sozialfonds Plus 2021-2027 Kanarenprogramm sowie vom Cabildo von Fuerteventura und der Regierung der Kanarischen Inseln aus Mitteln des Kanarischen Entwicklungsfonds (FDCAN) kofinanziert.<\/p>\n<\/div>\n","protected":false},"excerpt":{"rendered":"<p>22 Juli, 2025 Die studentischen Mitarbeiter werden seit April letzten Jahres ausgebildet und werden in den kommenden Wochen mit der Betreuung von Menschen in sozialen Einrichtungen und Heimen beginnen.M Insgesamt [&hellip;]<\/p>\n","protected":false},"author":1,"featured_media":8209,"comment_status":"open","ping_status":"open","sticky":false,"template":"","format":"standard","meta":{"inline_featured_image":false,"jnews-multi-image_gallery":[],"jnews_single_post":[],"jnews_primary_category":[],"jnews_social_meta":[],"jnews_override_counter":[],"jnews_post_split":[],"footnotes":""},"categories":[287],"tags":[216],"class_list":["post-8212","post","type-post","status-publish","format-standard","has-post-thumbnail","hentry","category-cabildo-de","tag-fuerteventura-de"],"jetpack_featured_media_url":"https:\/\/informacionlocal.es\/wp-content\/uploads\/2025\/07\/difkf.jpeg","_links":{"self":[{"href":"https:\/\/informacionlocal.es\/de\/wp-json\/wp\/v2\/posts\/8212","targetHints":{"allow":["GET"]}}],"collection":[{"href":"https:\/\/informacionlocal.es\/de\/wp-json\/wp\/v2\/posts"}],"about":[{"href":"https:\/\/informacionlocal.es\/de\/wp-json\/wp\/v2\/types\/post"}],"author":[{"embeddable":true,"href":"https:\/\/informacionlocal.es\/de\/wp-json\/wp\/v2\/users\/1"}],"replies":[{"embeddable":true,"href":"https:\/\/informacionlocal.es\/de\/wp-json\/wp\/v2\/comments?post=8212"}],"version-history":[{"count":0,"href":"https:\/\/informacionlocal.es\/de\/wp-json\/wp\/v2\/posts\/8212\/revisions"}],"wp:featuredmedia":[{"embeddable":true,"href":"https:\/\/informacionlocal.es\/de\/wp-json\/wp\/v2\/media\/8209"}],"wp:attachment":[{"href":"https:\/\/informacionlocal.es\/de\/wp-json\/wp\/v2\/media?parent=8212"}],"wp:term":[{"taxonomy":"category","embeddable":true,"href":"https:\/\/informacionlocal.es\/de\/wp-json\/wp\/v2\/categories?post=8212"},{"taxonomy":"post_tag","embeddable":true,"href":"https:\/\/informacionlocal.es\/de\/wp-json\/wp\/v2\/tags?post=8212"}],"curies":[{"name":"wp","href":"https:\/\/api.w.org\/{rel}","templated":true}]}}