{"id":8189,"date":"2025-07-22T19:58:31","date_gmt":"2025-07-22T18:58:31","guid":{"rendered":"https:\/\/informacionlocal.es\/mit-dem-projekt-fuerteventura-protagonista-wird-die-gemeinde-fuerteventura-in-die-lage-versetzt-ihre-umwelt-zu-veraendern\/"},"modified":"2025-07-22T19:58:31","modified_gmt":"2025-07-22T18:58:31","slug":"mit-dem-projekt-fuerteventura-protagonista-wird-die-gemeinde-fuerteventura-in-die-lage-versetzt-ihre-umwelt-zu-veraendern","status":"publish","type":"post","link":"https:\/\/informacionlocal.es\/de\/mit-dem-projekt-fuerteventura-protagonista-wird-die-gemeinde-fuerteventura-in-die-lage-versetzt-ihre-umwelt-zu-veraendern\/","title":{"rendered":"Mit dem Projekt Fuerteventura Protagonista wird die Gemeinde Fuerteventura in die Lage versetzt, ihre Umwelt zu ver\u00e4ndern."},"content":{"rendered":"<div class=\"entry-content\"><strong>22 Juli, 2025<\/strong><\/p>\n<p><em><strong>Die n\u00e4chste Schulung findet am 23. Juli unter der Leitung des Geografen und Forschers Vicente Zapata statt.<\/strong><\/em><\/p>\n<p><em><strong>Dar\u00fcber hinaus bleibt der Prozess des sozialen Zuh\u00f6rens offen, so dass die B\u00fcrgerinnen und B\u00fcrger aktiv und partizipativ zur Gestaltung des Gebiets beitragen k\u00f6nnen.<\/strong><\/em><strong>M<\/strong><\/p>\n<p>Das Projekt &#8222;Fuerteventura Protagonista&#8220; setzt sein<br \/>\nEngagement f\u00fcr die St\u00e4rkung der B\u00fcrgerbeteiligung auf der Insel durch<br \/>\nAusbildung in Gemeindemethoden fort. Dieses<br \/>\nProjekt, das von der Abteilung f\u00fcr B\u00fcrgerbeteiligung des Cabildo<br \/>\nder Insel zusammen mit der Allgemeinen Stiftung der Universit\u00e4t von La Laguna gef\u00f6rdert wird, ist<br \/>\nin einem ersten Block von Schulungen durch Online-Seminare<br \/>\nmit dem allgemeinen Ziel eingetaucht, die Majorero-Gemeinschaft mit Werkzeugen und<br \/>\nWissen auszustatten, um sich aktiv in die lokale Entwicklung und kollektive Entscheidungsfindung<br \/>\neinzubringen.   <\/p>\n<p>\nDie ersten drei Seminare waren ein gro\u00dfer Erfolg: insgesamt 192 Anmeldungen, wobei das<br \/>\ntechnische Team des Projekts das Interesse der lokalen Gemeinschaft und ihre Beteiligung<br \/>\nan der Schaffung eines nachhaltigen sozialen Wandels hervorhob. Es werden partizipatorische Techniken behandelt,<br \/>\ndie Erleichterung von Gemeinschaftsprozessen und die gemeinsame Erarbeitung von<br \/>\nL\u00f6sungen f\u00fcr die Herausforderungen, mit denen Fuerteventura konfrontiert ist, &#8222;wodurch<br \/>\nzur F\u00f6rderung einer echten und effektiven Beteiligung der Gemeinschaft an Projekten und<br \/>\npolitischen Ma\u00dfnahmen, die ihre Umwelt betreffen, beitr\u00e4gt&#8220;, erkl\u00e4rt der Stadtrat f\u00fcr soziale Ma\u00dfnahmen, V\u00edctor Alonso.   <\/p>\n<p>Das n\u00e4chste Seminar tr\u00e4gt den Titel &#8222;Community Walks:<br \/>\npartizipative Diagnose des Territoriums&#8220; und findet am kommenden Mittwoch,<br \/>\n23. Juli, um 17.00 Uhr statt. Ziel dieses Seminars ist es, den Gemeindespaziergang als Instrument zur partizipativen Beobachtung der<br \/>\nUmwelt kennenzulernen und<br \/>\nanzuwenden. Es wird von Vicente Zapata Hern\u00e1ndez, Geograph, Forscher und<br \/>\nProfessor f\u00fcr Humangeographie an der Universit\u00e4t von La Laguna, Direktor<br \/>\nder Beobachtungsstelle f\u00fcr Einwanderung auf Teneriffa (OBITen) und verschiedener Projekte<br \/>\nf\u00fcr gemeinschaftliche Intervention und soziale Innovation sowie<br \/>\nakademischer Leiter des Projekts &#8218;Fuerteventura Protagonista&#8216; gehalten. Das Seminar<br \/>\nwird 2 Stunden dauern, mit einem abschlie\u00dfenden Raum f\u00fcr den Dialog<br \/>\n. Die Schulung ist kostenlos und von der Stiftung<br \/>\nCanaria General der Universit\u00e4t La Laguna zertifiziert. Interessierte k\u00f6nnen sich \u00fcber den Link<br \/>\nanmelden:       <\/p>\n<figure class=\"wp-block-embed\">\n<div class=\"wp-block-embed__wrapper\">\nhttps:\/\/bit.ly\/FPInscripcionesS4\n<\/div>\n<\/figure>\n<p>Alle Informationen sind zu finden unter  <\/p>\n<figure class=\"wp-block-embed\">\n<div class=\"wp-block-embed__wrapper\">\nhttps:\/\/bit.ly\/FPFichaTecnicaS4\n<\/div>\n<\/figure>\n<p>Dar\u00fcber hinaus wird diese erste<br \/>\nAusbildungsphase am 7. August mit einer inspirierenden Erfahrung<br \/>\nmit anschaulicher Wirkung von Gisela Signorelli, Lehrerin und<br \/>\nForscherin an der Nationalen Universit\u00e4t von Rosario (Argentinien), abgeschlossen. Sp\u00e4ter,<br \/>\nim September und Oktober, wird der n\u00e4chste Block der &#8222;Ausbildung f\u00fcr die<br \/>\nAktion&#8220; \u00fcber<br \/>\nGemeindemethoden beginnen, die pers\u00f6nlich und<br \/>\nreisend durch alle Gemeinden Fuerteventuras entwickelt werden. <\/p>\n<p><strong>Audici<\/strong><strong>Soziales Publikum<\/strong><\/p>\n<p>Ebenso erinnert Stadtrat V\u00edctor Alonso daran, dass<br \/>\nden Prozess des sozialen Zuh\u00f6rens auf der ganzen Insel fortsetzt, mit dem Ziel<br \/>\n, dass die Gemeinschaft durch eine aktive<br \/>\nund partizipative Rolle zum Gebiet beitragen kann. Der Prozess ist f\u00fcr alle Altersgruppen, Personen und<br \/>\nGruppen offen und wird in allen Gemeinden durchgef\u00fchrt. <\/p>\n<p>Interessenten k\u00f6nnen sich \u00fcber den folgenden Link an<br \/>\nwenden: https:\/\/bit.ly\/ficherofuerteventuraprotagonista. Auf diese Weise wird<br \/>\ndie Kolloquien im Rahmen dieses Zuh\u00f6rprozesses organisieren und<br \/>\nR\u00e4ume f\u00fcr den Dialog und das aktive Zuh\u00f6ren schaffen.<\/p>\n<\/div>\n","protected":false},"excerpt":{"rendered":"<p>22 Juli, 2025 Die n\u00e4chste Schulung findet am 23. Juli unter der Leitung des Geografen und Forschers Vicente Zapata statt. Dar\u00fcber hinaus bleibt der Prozess des sozialen Zuh\u00f6rens offen, so [&hellip;]<\/p>\n","protected":false},"author":1,"featured_media":8185,"comment_status":"open","ping_status":"open","sticky":false,"template":"","format":"standard","meta":{"inline_featured_image":false,"jnews-multi-image_gallery":[],"jnews_single_post":[],"jnews_primary_category":[],"jnews_social_meta":[],"jnews_override_counter":[],"jnews_post_split":[],"footnotes":""},"categories":[287],"tags":[328,216,196],"class_list":["post-8189","post","type-post","status-publish","format-standard","has-post-thumbnail","hentry","category-cabildo-de","tag-beteiligung-der-burger","tag-fuerteventura-de","tag-gemeinden"],"jetpack_featured_media_url":"https:\/\/informacionlocal.es\/wp-content\/uploads\/2025\/07\/wwww.jpeg","_links":{"self":[{"href":"https:\/\/informacionlocal.es\/de\/wp-json\/wp\/v2\/posts\/8189","targetHints":{"allow":["GET"]}}],"collection":[{"href":"https:\/\/informacionlocal.es\/de\/wp-json\/wp\/v2\/posts"}],"about":[{"href":"https:\/\/informacionlocal.es\/de\/wp-json\/wp\/v2\/types\/post"}],"author":[{"embeddable":true,"href":"https:\/\/informacionlocal.es\/de\/wp-json\/wp\/v2\/users\/1"}],"replies":[{"embeddable":true,"href":"https:\/\/informacionlocal.es\/de\/wp-json\/wp\/v2\/comments?post=8189"}],"version-history":[{"count":0,"href":"https:\/\/informacionlocal.es\/de\/wp-json\/wp\/v2\/posts\/8189\/revisions"}],"wp:featuredmedia":[{"embeddable":true,"href":"https:\/\/informacionlocal.es\/de\/wp-json\/wp\/v2\/media\/8185"}],"wp:attachment":[{"href":"https:\/\/informacionlocal.es\/de\/wp-json\/wp\/v2\/media?parent=8189"}],"wp:term":[{"taxonomy":"category","embeddable":true,"href":"https:\/\/informacionlocal.es\/de\/wp-json\/wp\/v2\/categories?post=8189"},{"taxonomy":"post_tag","embeddable":true,"href":"https:\/\/informacionlocal.es\/de\/wp-json\/wp\/v2\/tags?post=8189"}],"curies":[{"name":"wp","href":"https:\/\/api.w.org\/{rel}","templated":true}]}}