{"id":8149,"date":"2025-07-22T16:59:53","date_gmt":"2025-07-22T15:59:53","guid":{"rendered":"https:\/\/informacionlocal.es\/feste-an-der-kueste-antiguas-zu-ehren-des-heiligen-apostels-jakobus\/"},"modified":"2025-07-22T16:59:53","modified_gmt":"2025-07-22T15:59:53","slug":"feste-an-der-kueste-antiguas-zu-ehren-des-heiligen-apostels-jakobus","status":"publish","type":"post","link":"https:\/\/informacionlocal.es\/de\/feste-an-der-kueste-antiguas-zu-ehren-des-heiligen-apostels-jakobus\/","title":{"rendered":"Feste an der K\u00fcste Antiguas zu Ehren des Heiligen Apostels Jakobus"},"content":{"rendered":"<div class=\"elementor-widget-container\">\n<p><strong>Feste an der K\u00fcste Antiguas zu Ehren des Heiligen Apostels Jakobus<\/strong><\/p>\n<p><strong>&#8211; An diesem Wochenende werden die Fiestas de Costa de Antigua mit einer Parade der Batucada Sambukka, neun musikalischen Darbietungen und einem erfrischenden Kinderfest mit Schaumkanone gefeiert.<\/strong><\/p>\n<p>Das Rathaus von Antigua, Abteilung f\u00fcr Festlichkeiten, k\u00fcndigt den Beginn der Fiestas de Costa de Antigua f\u00fcr Freitag, den 25. Juli um 19:00 Uhr an, wobei die Stra\u00dfen zum Rhythmus der Trommeln der Batucada Sambukka aufgeweckt werden und ein Programm mit musikalischen Darbietungen, Konzerten und einem erfrischenden Kinderfest bis Sonntag, den 27. Juli am Nachmittag angek\u00fcndigt wird.<\/p>\n<p>An diesem Freitag, so der Stadtrat f\u00fcr Festlichkeiten, Pedro M. Armas Mart\u00edn, beginnen die Fiestas zu Ehren des Apostels Jakobus nach der Parade mit Auftritten von Kevin Archer und Laly Lean.<\/p>\n<p>Am Samstag, den 26. und ab 12:00 Uhr der Flamenco-Pop von Sergio Jim\u00e9nez, gefolgt von dem hervorragenden Konzert der beliebten Gruppe Aseres um 14:00 Uhr. Das Festprogramm umfasst, wie die Stadtr\u00e4tin erkl\u00e4rt, neun Musikkonzerte mit unterschiedlichen musikalischen Rhythmen, die f\u00fcr jeden Geschmack etwas bieten. <\/p>\n<p>Auf das Konzert von Aseres folgt an diesem Samstag um 16.00 Uhr Jarana, um 18.00 Uhr Joni Telde und um 20.00 Uhr die bekannte Gruppe Siroko, erg\u00e4nzt durch Armas, und zum Abschluss des Abends Laly Lean.<\/p>\n<p>Am Sonntag, den 27., steht das Fest am Vormittag ganz im Zeichen der Kleinen mit einer lustigen und erfrischenden Kinderparty mit der beliebten Schaumkanone, w\u00e4hrend auf der B\u00fchne DJ Pepe Gueta den musikalischen Rhythmus vorgibt und die Fiestas de Costa de Antigua bis 18:00 Uhr verabschiedet.<\/p>\n<p>B\u00fcrgermeister Mat\u00edas Pe\u00f1a erinnert uns daran, dass es sich um Feste handelt, die man genie\u00dfen und verantwortungsbewusst begehen sollte, Feste f\u00fcr junge Leute und f\u00fcr alle Altersgruppen, bei denen Gruppen von Freunden und Familien gemeinsam R\u00e4ume nutzen und genie\u00dfen.<\/p>\n<\/div>\n","protected":false},"excerpt":{"rendered":"<p><strong>Feste an der K\u00fcste Antiguas zu Ehren des Heiligen Apostels Jakobus<\/strong><\/p>\n","protected":false},"author":1,"featured_media":8147,"comment_status":"open","ping_status":"open","sticky":false,"template":"","format":"standard","meta":{"inline_featured_image":false,"jnews-multi-image_gallery":[],"jnews_single_post":[],"jnews_primary_category":[],"jnews_social_meta":[],"jnews_override_counter":[],"jnews_post_split":[],"footnotes":""},"categories":[283],"tags":[],"class_list":["post-8149","post","type-post","status-publish","format-standard","has-post-thumbnail","hentry","category-antigua-de"],"jetpack_featured_media_url":"https:\/\/informacionlocal.es\/wp-content\/uploads\/2025\/07\/cartel-fiestas-costa-de-antigua-2025.jpg","_links":{"self":[{"href":"https:\/\/informacionlocal.es\/de\/wp-json\/wp\/v2\/posts\/8149","targetHints":{"allow":["GET"]}}],"collection":[{"href":"https:\/\/informacionlocal.es\/de\/wp-json\/wp\/v2\/posts"}],"about":[{"href":"https:\/\/informacionlocal.es\/de\/wp-json\/wp\/v2\/types\/post"}],"author":[{"embeddable":true,"href":"https:\/\/informacionlocal.es\/de\/wp-json\/wp\/v2\/users\/1"}],"replies":[{"embeddable":true,"href":"https:\/\/informacionlocal.es\/de\/wp-json\/wp\/v2\/comments?post=8149"}],"version-history":[{"count":0,"href":"https:\/\/informacionlocal.es\/de\/wp-json\/wp\/v2\/posts\/8149\/revisions"}],"wp:featuredmedia":[{"embeddable":true,"href":"https:\/\/informacionlocal.es\/de\/wp-json\/wp\/v2\/media\/8147"}],"wp:attachment":[{"href":"https:\/\/informacionlocal.es\/de\/wp-json\/wp\/v2\/media?parent=8149"}],"wp:term":[{"taxonomy":"category","embeddable":true,"href":"https:\/\/informacionlocal.es\/de\/wp-json\/wp\/v2\/categories?post=8149"},{"taxonomy":"post_tag","embeddable":true,"href":"https:\/\/informacionlocal.es\/de\/wp-json\/wp\/v2\/tags?post=8149"}],"curies":[{"name":"wp","href":"https:\/\/api.w.org\/{rel}","templated":true}]}}