{"id":8138,"date":"2025-07-22T15:58:50","date_gmt":"2025-07-22T14:58:50","guid":{"rendered":"https:\/\/informacionlocal.es\/das-cabildo-erfuellt-die-forderungen-der-bewohner-der-siedlung-cofete\/"},"modified":"2025-07-22T15:58:50","modified_gmt":"2025-07-22T14:58:50","slug":"das-cabildo-erfuellt-die-forderungen-der-bewohner-der-siedlung-cofete","status":"publish","type":"post","link":"https:\/\/informacionlocal.es\/de\/das-cabildo-erfuellt-die-forderungen-der-bewohner-der-siedlung-cofete\/","title":{"rendered":"Das Cabildo erf\u00fcllt die Forderungen der Bewohner der Siedlung Cofete"},"content":{"rendered":"<div class=\"entry-content\"><strong>22 Juli, 2025<\/strong><\/p>\n<p><em><strong>Lola Garc\u00eda und Nereida Calero sammelten die Antr\u00e4ge mit dem Ziel, sie zu analysieren und sie im Rahmen der rechtlichen M\u00f6glichkeiten und unter Wahrung des Umweltschutzes in das PORN und das PRUG aufzunehmen.<\/strong><\/em><\/p>\n<p>Das Cabildo von Fuerteventura hat ein Treffen mit Vertretern der Nachbarschaftsverb\u00e4nde von Cofete abgehalten, um deren Forderungen bez\u00fcglich der Siedlung im Naturpark Jand\u00eda in der Gemeinde P\u00e1jara zu h\u00f6ren.  <\/p>\n<p>Die Pr\u00e4sidentin der Insel, Lola Garc\u00eda, und die Stadtr\u00e4tin f\u00fcr Raumordnung, Nereida Calero, trugen die Forderungen zusammen mit dem Ziel, sie zu analysieren und in die Entwicklungspl\u00e4ne einzubeziehen, immer im Rahmen des rechtlich Machbaren und unter gr\u00f6\u00dftm\u00f6glicher R\u00fccksichtnahme auf die Umwelt. Der Direktor f\u00fcr Raumordnung der Insel war ebenfalls anwesend. <\/p>\n<p>Die Inselgesellschaft arbeitet an der Ausarbeitung des Plans zur Bewirtschaftung der nat\u00fcrlichen Ressourcen (PORN) und des Masterplans zur Nutzung und Verwaltung (PRUG) des Naturparks Jand\u00eda, um eine aktuelle Planung zu erhalten. Sie werden die spezifischen Planungen und Vorschriften f\u00fcr dieses Gebiet in \u00dcbereinstimmung mit der geltenden Gesetzgebung festlegen. <\/p>\n<p>Laut Lola Garc\u00eda und Nereida Calero werden beide Dokumente derzeit von der Planungsabteilung der Inselregierung von Fuerteventura einer Qualit\u00e4tskontrolle unterzogen.<\/p>\n<p>Sowohl der Pr\u00e4sident des Cabildo als auch der Inselrat brachten die feste Entschlossenheit des Cabildo zum Ausdruck, den Respekt und die Integration derjenigen zu gew\u00e4hrleisten, die dieses Gebiet seit Generationen bewohnen und pflegen, solange die geltende Gesetzgebung eingehalten wird, und gleichzeitig die Umweltwerte der Umgebung zu sch\u00fctzen.<\/p>\n<\/div>\n","protected":false},"excerpt":{"rendered":"<p>22 Juli, 2025 Lola Garc\u00eda und Nereida Calero sammelten die Antr\u00e4ge mit dem Ziel, sie zu analysieren und sie im Rahmen der rechtlichen M\u00f6glichkeiten und unter Wahrung des Umweltschutzes in [&hellip;]<\/p>\n","protected":false},"author":1,"featured_media":8135,"comment_status":"open","ping_status":"open","sticky":false,"template":"","format":"standard","meta":{"inline_featured_image":false,"jnews-multi-image_gallery":[],"jnews_single_post":[],"jnews_primary_category":[],"jnews_social_meta":[],"jnews_override_counter":[],"jnews_post_split":[],"footnotes":""},"categories":[287],"tags":[216,213],"class_list":["post-8138","post","type-post","status-publish","format-standard","has-post-thumbnail","hentry","category-cabildo-de","tag-fuerteventura-de","tag-integration-de"],"jetpack_featured_media_url":"https:\/\/informacionlocal.es\/wp-content\/uploads\/2025\/07\/rtrtr.jpeg","_links":{"self":[{"href":"https:\/\/informacionlocal.es\/de\/wp-json\/wp\/v2\/posts\/8138","targetHints":{"allow":["GET"]}}],"collection":[{"href":"https:\/\/informacionlocal.es\/de\/wp-json\/wp\/v2\/posts"}],"about":[{"href":"https:\/\/informacionlocal.es\/de\/wp-json\/wp\/v2\/types\/post"}],"author":[{"embeddable":true,"href":"https:\/\/informacionlocal.es\/de\/wp-json\/wp\/v2\/users\/1"}],"replies":[{"embeddable":true,"href":"https:\/\/informacionlocal.es\/de\/wp-json\/wp\/v2\/comments?post=8138"}],"version-history":[{"count":0,"href":"https:\/\/informacionlocal.es\/de\/wp-json\/wp\/v2\/posts\/8138\/revisions"}],"wp:featuredmedia":[{"embeddable":true,"href":"https:\/\/informacionlocal.es\/de\/wp-json\/wp\/v2\/media\/8135"}],"wp:attachment":[{"href":"https:\/\/informacionlocal.es\/de\/wp-json\/wp\/v2\/media?parent=8138"}],"wp:term":[{"taxonomy":"category","embeddable":true,"href":"https:\/\/informacionlocal.es\/de\/wp-json\/wp\/v2\/categories?post=8138"},{"taxonomy":"post_tag","embeddable":true,"href":"https:\/\/informacionlocal.es\/de\/wp-json\/wp\/v2\/tags?post=8138"}],"curies":[{"name":"wp","href":"https:\/\/api.w.org\/{rel}","templated":true}]}}