{"id":8126,"date":"2025-07-21T20:04:27","date_gmt":"2025-07-21T19:04:27","guid":{"rendered":"https:\/\/informacionlocal.es\/die-zweite-auflage-der-antigua-sprint-rallye-ist-nun-realitaet\/"},"modified":"2025-07-21T20:04:27","modified_gmt":"2025-07-21T19:04:27","slug":"die-zweite-auflage-der-antigua-sprint-rallye-ist-nun-realitaet","status":"publish","type":"post","link":"https:\/\/informacionlocal.es\/de\/die-zweite-auflage-der-antigua-sprint-rallye-ist-nun-realitaet\/","title":{"rendered":"Die zweite Auflage der Antigua Sprint Rallye ist nun Realit\u00e4t"},"content":{"rendered":"<div class=\"elementor-widget-container\">\n<p><strong>Antiguas starkes Engagement f\u00fcr den Rennsport festigt eines der aufregendsten Speed Trials auf Asphalt.<\/strong><\/p>\n<p><strong>Die zweite Auflage der Antigua Sprint Rallye ist bereits Realit\u00e4t<\/strong><\/p>\n<p><strong>Anmeldungen f\u00fcr die II Antigua Sprint Rallye sind jetzt m\u00f6glich.<\/strong><\/p>\n<p><strong>&#8211; Am 16. August ab 13:00 Uhr findet in Antigua der II. Rallye-Sprint Antigua statt, der zur kanarischen Rallye-Sprint-Meisterschaft und zur Rallye-Sprint-Meisterschaft der Provinz Las Palmas z\u00e4hlt.<\/strong><\/p>\n<p>Das Rathaus von Antigua aus der Abteilung f\u00fcr Sport h\u00e4lt sein festes Engagement f\u00fcr die Motorveranstaltungen in der Gemeinde, sagt der B\u00fcrgermeister, Matias Pe\u00f1a Garcia, die Gew\u00e4hrleistung zusammen mit den vereinigten Automobilclubs, die Feier der zweiten Auflage des Antigua Sprint Rallye am 16. August in der Stadt und um Valles de Ortega statt.<\/p>\n<p>Anmeldungen sind jetzt offen f\u00fcr diese spannende Sprint Rallye von Asphalt Antigua, und hat die Zusammenarbeit des Cabildo von Fuerteventura und die Unterst\u00fctzung der Verb\u00e4nde der Kanarischen Inseln und der Provinz Las Palmas, und f\u00fcgt hinzu, der Stadtrat f\u00fcr Sport, Samuel Torres, ist f\u00fcr das zweite Jahr in Folge statt, die Konsolidierung ihrer Pr\u00e4senz in der Gemeinde zu einer gro\u00dfen Zahl von Fans aus der ganzen Insel, etwa 1.000 Teilnehmer im vergangenen Jahr, auch teilnehmenden Motor-Teams aus allen Inseln, mit der wirtschaftlichen Belebung und F\u00f6rderung f\u00fcr die Gemeinde, dass dies zur Folge hat.<\/p>\n<\/div>\n","protected":false},"excerpt":{"rendered":"<p><strong>Antiguas starkes Engagement f\u00fcr den Rennsport festigt eines der aufregendsten Speed Trials auf Asphalt.<\/strong><\/p>\n","protected":false},"author":1,"featured_media":8123,"comment_status":"open","ping_status":"open","sticky":false,"template":"","format":"standard","meta":{"inline_featured_image":false,"jnews-multi-image_gallery":[],"jnews_single_post":[],"jnews_primary_category":[],"jnews_social_meta":[],"jnews_override_counter":[],"jnews_post_split":[],"footnotes":""},"categories":[283],"tags":[216],"class_list":["post-8126","post","type-post","status-publish","format-standard","has-post-thumbnail","hentry","category-antigua-de","tag-fuerteventura-de"],"jetpack_featured_media_url":"https:\/\/informacionlocal.es\/wp-content\/uploads\/2025\/07\/rally-sprint-de-antigua.jpg","_links":{"self":[{"href":"https:\/\/informacionlocal.es\/de\/wp-json\/wp\/v2\/posts\/8126","targetHints":{"allow":["GET"]}}],"collection":[{"href":"https:\/\/informacionlocal.es\/de\/wp-json\/wp\/v2\/posts"}],"about":[{"href":"https:\/\/informacionlocal.es\/de\/wp-json\/wp\/v2\/types\/post"}],"author":[{"embeddable":true,"href":"https:\/\/informacionlocal.es\/de\/wp-json\/wp\/v2\/users\/1"}],"replies":[{"embeddable":true,"href":"https:\/\/informacionlocal.es\/de\/wp-json\/wp\/v2\/comments?post=8126"}],"version-history":[{"count":0,"href":"https:\/\/informacionlocal.es\/de\/wp-json\/wp\/v2\/posts\/8126\/revisions"}],"wp:featuredmedia":[{"embeddable":true,"href":"https:\/\/informacionlocal.es\/de\/wp-json\/wp\/v2\/media\/8123"}],"wp:attachment":[{"href":"https:\/\/informacionlocal.es\/de\/wp-json\/wp\/v2\/media?parent=8126"}],"wp:term":[{"taxonomy":"category","embeddable":true,"href":"https:\/\/informacionlocal.es\/de\/wp-json\/wp\/v2\/categories?post=8126"},{"taxonomy":"post_tag","embeddable":true,"href":"https:\/\/informacionlocal.es\/de\/wp-json\/wp\/v2\/tags?post=8126"}],"curies":[{"name":"wp","href":"https:\/\/api.w.org\/{rel}","templated":true}]}}