{"id":8115,"date":"2025-07-21T19:05:33","date_gmt":"2025-07-21T18:05:33","guid":{"rendered":"https:\/\/informacionlocal.es\/das-cabildo-von-fuerteventura-unterstuetzt-pajara-bei-der-wiederherstellung-des-landguts-ajuy-als-gebiet-mit-traditioneller-landwirtschaftlicher-produktion\/"},"modified":"2025-07-21T19:05:33","modified_gmt":"2025-07-21T18:05:33","slug":"das-cabildo-von-fuerteventura-unterstuetzt-pajara-bei-der-wiederherstellung-des-landguts-ajuy-als-gebiet-mit-traditioneller-landwirtschaftlicher-produktion","status":"publish","type":"post","link":"https:\/\/informacionlocal.es\/de\/das-cabildo-von-fuerteventura-unterstuetzt-pajara-bei-der-wiederherstellung-des-landguts-ajuy-als-gebiet-mit-traditioneller-landwirtschaftlicher-produktion\/","title":{"rendered":"Das Cabildo von Fuerteventura unterst\u00fctzt P\u00e1jara bei der Wiederherstellung des Landguts Ajuy als Gebiet mit traditioneller landwirtschaftlicher Produktion."},"content":{"rendered":"<div class=\"entry-content\"><strong>21 Juli, 2025<\/strong><\/p>\n<p><em><strong>Der Stadtrat ist federf\u00fchrend bei der Initiative, die Ma\u00dfnahmen im gesamten Einzugsgebiet der Schlucht umfasst.<\/strong><\/em><\/p>\n<p>Das Cabildo de Fuerteventura unterst\u00fctzt derzeit \u00fcber den Dienst f\u00fcr Arbeiten und Maschinen die Wiederherstellung des Landguts Ajuy, eine Initiative des Stadtrats von P\u00e1jara \u00fcber die Abteilung f\u00fcr den Prim\u00e4rsektor. Die landwirtschaftlichen Traktoren arbeiten daran, die Gullys f\u00fcr die Nutzung als traditionelles Majorero-Anbaugebiet vorzubereiten. <\/p>\n<p>Die Pr\u00e4sidentin des Cabildo, Lola Garc\u00eda, und der B\u00fcrgermeister von P\u00e1jara, Alejandro Jorge, betonen, wie wichtig die Koordinierung zwischen den Verwaltungen ist, um die traditionellen Anbausysteme zu verbessern, die einen identifizierenden Teil der Landschaft des Majorero bilden.<\/p>\n<p>Der Stadtrat f\u00fcr Arbeiten und Maschinen, Blas Acosta, weist darauf hin, dass &#8222;koordinierte Anstrengungen zwischen den Verwaltungen ihre positiven Auswirkungen vervielfachen, weshalb wir eine entschlossene Politik der Zusammenarbeit mit den Stadtr\u00e4ten bei Ma\u00dfnahmen, die zu einer besseren Lebensqualit\u00e4t f\u00fchren, beibehalten&#8220;.<\/p>\n<p>Der Stadtrat f\u00fcr den Prim\u00e4ren Sektor, Jos\u00e9 Manuel D\u00edaz, erkl\u00e4rt, dass &#8222;die Schlucht von Ajuy heute vielleicht das nat\u00fcrliche Schaufenster der Insel ist, das von den Touristen am meisten besucht wird, und dass sie historische und landschaftliche Werte besitzt&#8220;. Aus diesem Grund entwickelt das Rathaus von P\u00e1jara derzeit ein Ma\u00dfnahmenpaket, das verschiedene Bereiche entlang der gesamten Schlucht abdeckt. &#8222;Die Stra\u00dfe von Ajuy verl\u00e4uft parallel zur Schlucht, und wir wollen, dass sich dieses Naturschauspiel in einem optimalen Zustand befindet.  <\/p>\n<p>Das Landgut Ajuy mit einer Fl\u00e4che von rund 578.000 Quadratmetern ist der j\u00fcngste Meilenstein in diesem Ma\u00dfnahmenpaket der Stadtverwaltung von P\u00e1jara, die neben dem Cabildo von Fuerteventura auch von anderen Organisationen wie der Universit\u00e4t von Las Palmas de Gran Canaria und Gesplan (Gesti\u00f3n y Planeamiento Territorial y Medioambiental) unterst\u00fctzt wird. Gemeinsam bem\u00fchen sie sich um die Wiederherstellung von Landschaften, einheimischer Flora, Naturgebieten wie Madre del Agua und historischem Erbe wie den Kalk\u00f6fen und den damit verbundenen traditionellen Geb\u00e4uden. Mit der Aktion auf dem Landgut Ajuy, das sich im Besitz der Gemeinde befindet, soll nun die landwirtschaftliche Nutzung als Beispiel f\u00fcr eine traditionelle Nutzung gef\u00f6rdert werden, die das historische Potenzial dieser Schluchten wiederherstellt.  <\/p>\n<\/div>\n","protected":false},"excerpt":{"rendered":"<p>21 Juli, 2025 Der Stadtrat ist federf\u00fchrend bei der Initiative, die Ma\u00dfnahmen im gesamten Einzugsgebiet der Schlucht umfasst. Das Cabildo de Fuerteventura unterst\u00fctzt derzeit \u00fcber den Dienst f\u00fcr Arbeiten und [&hellip;]<\/p>\n","protected":false},"author":1,"featured_media":8111,"comment_status":"open","ping_status":"open","sticky":false,"template":"","format":"standard","meta":{"inline_featured_image":false,"jnews-multi-image_gallery":[],"jnews_single_post":[],"jnews_primary_category":[],"jnews_social_meta":[],"jnews_override_counter":[],"jnews_post_split":[],"footnotes":""},"categories":[287],"tags":[216],"class_list":["post-8115","post","type-post","status-publish","format-standard","has-post-thumbnail","hentry","category-cabildo-de","tag-fuerteventura-de"],"jetpack_featured_media_url":"https:\/\/informacionlocal.es\/wp-content\/uploads\/2025\/07\/ukuk.jpeg","_links":{"self":[{"href":"https:\/\/informacionlocal.es\/de\/wp-json\/wp\/v2\/posts\/8115","targetHints":{"allow":["GET"]}}],"collection":[{"href":"https:\/\/informacionlocal.es\/de\/wp-json\/wp\/v2\/posts"}],"about":[{"href":"https:\/\/informacionlocal.es\/de\/wp-json\/wp\/v2\/types\/post"}],"author":[{"embeddable":true,"href":"https:\/\/informacionlocal.es\/de\/wp-json\/wp\/v2\/users\/1"}],"replies":[{"embeddable":true,"href":"https:\/\/informacionlocal.es\/de\/wp-json\/wp\/v2\/comments?post=8115"}],"version-history":[{"count":0,"href":"https:\/\/informacionlocal.es\/de\/wp-json\/wp\/v2\/posts\/8115\/revisions"}],"wp:featuredmedia":[{"embeddable":true,"href":"https:\/\/informacionlocal.es\/de\/wp-json\/wp\/v2\/media\/8111"}],"wp:attachment":[{"href":"https:\/\/informacionlocal.es\/de\/wp-json\/wp\/v2\/media?parent=8115"}],"wp:term":[{"taxonomy":"category","embeddable":true,"href":"https:\/\/informacionlocal.es\/de\/wp-json\/wp\/v2\/categories?post=8115"},{"taxonomy":"post_tag","embeddable":true,"href":"https:\/\/informacionlocal.es\/de\/wp-json\/wp\/v2\/tags?post=8115"}],"curies":[{"name":"wp","href":"https:\/\/api.w.org\/{rel}","templated":true}]}}