{"id":8090,"date":"2025-07-21T13:58:47","date_gmt":"2025-07-21T12:58:47","guid":{"rendered":"https:\/\/informacionlocal.es\/antigua-organisiert-ein-kostenloses-persoenliches-digital-camp-fuer-junge-menschen\/"},"modified":"2025-07-21T13:58:47","modified_gmt":"2025-07-21T12:58:47","slug":"antigua-organisiert-ein-kostenloses-persoenliches-digital-camp-fuer-junge-menschen","status":"publish","type":"post","link":"https:\/\/informacionlocal.es\/de\/antigua-organisiert-ein-kostenloses-persoenliches-digital-camp-fuer-junge-menschen\/","title":{"rendered":"Antigua organisiert ein kostenloses, pers\u00f6nliches Digital Camp f\u00fcr junge Menschen"},"content":{"rendered":"<div class=\"elementor-widget-container\">\n<p><strong>Antigua organisiert ein kostenloses, pers\u00f6nliches Digital Camp f\u00fcr junge Menschen<\/strong><\/p>\n<p><strong>&#8211; Anmeldungen k\u00f6nnen \u00fcber das Standesamt Antigua, Tenencia de Alcald\u00eda oder online auf der Website www.ayto-antigua.es eingereicht werden.<\/strong><br \/><strong>&#8211; Es werden zwei Camps von 09:00 bis 14:00 Uhr organisiert, vom 4. bis 8. August f\u00fcr 14- bis 17-J\u00e4hrige und vom 11. bis 14. August f\u00fcr 9- bis 13-J\u00e4hrige, jeweils einschlie\u00dflich. <\/strong><br \/><strong>&#8211; Face-to-Face-Aktivit\u00e4ten im Bereich digitale F\u00e4higkeiten mit Digcomp-Zertifikat. <\/strong><br \/><strong>&#8211; Weitere Informationen unter solicita@campamentodigital.org oder telefonisch unter 928878438 oder mobil unter 674727623.<\/strong><\/p>\n<p>Die Jugendabteilung der Stadtverwaltung von Antigua und die Fundaci\u00f3n Cibervoluntarios organisieren im August vom 4. bis 8. August von 09:00 bis 14:00 Uhr ein kostenloses Digital Camp f\u00fcr Jugendliche zwischen 14 und 17 Jahren und vom 11. bis 14. August f\u00fcr Kinder zwischen 9 und 13 Jahren.<\/p>\n<p>Das Digital Camp, so der Stadtrat f\u00fcr Jugend, Pedro M. Armas Mart\u00edn, wird digitale Kompetenzen mit Digcomp-Zertifizierung vermitteln, d.h. im Rahmen der Europ\u00e4ischen Union Next Generation.<\/p>\n<p>Die Bereitstellung von Hilfsmitteln f\u00fcr die digitale Nutzung von Ger\u00e4ten erm\u00f6glicht es ihnen, Sicherheit bei der Nutzung zu erlangen und m\u00f6gliche T\u00e4uschungen oder Absichten in Netzen zu erkennen. Au\u00dferdem lernen sie n\u00fctzliche und praktische Anwendungen und Programme oder Websites kennen, die f\u00fcr ihre digitale Entwicklung sehr hilfreich sein k\u00f6nnen.<\/p>\n<p>Junge Menschen zur Teilnahme zu ermutigen und die Vorteile des digitalen Wissens, das die heutige Zeit kennzeichnet, zu nutzen, so B\u00fcrgermeister Mat\u00edas Pe\u00f1a, bedeutet auch, ihnen pers\u00f6nliche Kriterien f\u00fcr eine bessere Nutzung von Netzen oder Anwendungen zur Verf\u00fcgung zu stellen.<\/p>\n<p>Der B\u00fcrgermeister erinnert daran, dass die Stadtverwaltung von Antigua neben diesem Digital Camp auch ein Programm mit Aktivit\u00e4ten und Ausfl\u00fcgen f\u00fcr die Jugendlichen der Gemeinde organisiert hat, zu dem man sich kostenlos anmelden kann.<\/p>\n<\/div>\n","protected":false},"excerpt":{"rendered":"<p><strong>Antigua organisiert ein kostenloses, pers\u00f6nliches Digital Camp f\u00fcr junge Menschen<\/strong><\/p>\n","protected":false},"author":1,"featured_media":8087,"comment_status":"open","ping_status":"open","sticky":false,"template":"","format":"standard","meta":{"inline_featured_image":false,"jnews-multi-image_gallery":[],"jnews_single_post":[],"jnews_primary_category":[],"jnews_social_meta":[],"jnews_override_counter":[],"jnews_post_split":[],"footnotes":""},"categories":[283],"tags":[],"class_list":["post-8090","post","type-post","status-publish","format-standard","has-post-thumbnail","hentry","category-antigua-de"],"jetpack_featured_media_url":"https:\/\/informacionlocal.es\/wp-content\/uploads\/2025\/07\/cartel-ayto-antigua_ok.png","_links":{"self":[{"href":"https:\/\/informacionlocal.es\/de\/wp-json\/wp\/v2\/posts\/8090","targetHints":{"allow":["GET"]}}],"collection":[{"href":"https:\/\/informacionlocal.es\/de\/wp-json\/wp\/v2\/posts"}],"about":[{"href":"https:\/\/informacionlocal.es\/de\/wp-json\/wp\/v2\/types\/post"}],"author":[{"embeddable":true,"href":"https:\/\/informacionlocal.es\/de\/wp-json\/wp\/v2\/users\/1"}],"replies":[{"embeddable":true,"href":"https:\/\/informacionlocal.es\/de\/wp-json\/wp\/v2\/comments?post=8090"}],"version-history":[{"count":0,"href":"https:\/\/informacionlocal.es\/de\/wp-json\/wp\/v2\/posts\/8090\/revisions"}],"wp:featuredmedia":[{"embeddable":true,"href":"https:\/\/informacionlocal.es\/de\/wp-json\/wp\/v2\/media\/8087"}],"wp:attachment":[{"href":"https:\/\/informacionlocal.es\/de\/wp-json\/wp\/v2\/media?parent=8090"}],"wp:term":[{"taxonomy":"category","embeddable":true,"href":"https:\/\/informacionlocal.es\/de\/wp-json\/wp\/v2\/categories?post=8090"},{"taxonomy":"post_tag","embeddable":true,"href":"https:\/\/informacionlocal.es\/de\/wp-json\/wp\/v2\/tags?post=8090"}],"curies":[{"name":"wp","href":"https:\/\/api.w.org\/{rel}","templated":true}]}}