{"id":8078,"date":"2025-07-21T12:58:27","date_gmt":"2025-07-21T11:58:27","guid":{"rendered":"https:\/\/informacionlocal.es\/mit-der-unterstuetzung-antiguas-argumentiert-das-aerztekollegium-gegenueber-dem-gesundheitsministerium-dass-das-inselkrankenhaus-den-namen-guillermo-sanchez-velazquez-tragen-sollte\/"},"modified":"2025-07-21T12:58:27","modified_gmt":"2025-07-21T11:58:27","slug":"mit-der-unterstuetzung-antiguas-argumentiert-das-aerztekollegium-gegenueber-dem-gesundheitsministerium-dass-das-inselkrankenhaus-den-namen-guillermo-sanchez-velazquez-tragen-sollte","status":"publish","type":"post","link":"https:\/\/informacionlocal.es\/de\/mit-der-unterstuetzung-antiguas-argumentiert-das-aerztekollegium-gegenueber-dem-gesundheitsministerium-dass-das-inselkrankenhaus-den-namen-guillermo-sanchez-velazquez-tragen-sollte\/","title":{"rendered":"Mit der Unterst\u00fctzung Antiguas argumentiert das \u00c4rztekollegium gegen\u00fcber dem Gesundheitsministerium, dass das Inselkrankenhaus den Namen Guillermo S\u00e1nchez Vel\u00e1zquez tragen sollte."},"content":{"rendered":"<div class=\"elementor-widget-container\">\n<p><strong>Mit der Unterst\u00fctzung Antiguas argumentiert das \u00c4rztekollegium gegen\u00fcber dem Gesundheitsministerium, dass das Inselkrankenhaus den Namen Guillermo S\u00e1nchez Vel\u00e1zquez tragen sollte.<\/strong><\/p>\n<p><strong>&#8211; Die Sprecher der Familie und des \u00c4rztekollegiums von Las Palmas auf Fuerteventura sind dankbar f\u00fcr die Unterst\u00fctzung der Stadtverwaltung von Antigua f\u00fcr den Vorschlag, der der kanarischen Regierung vorgelegt werden soll.  <\/strong><br \/><strong>&#8211; Die Sprecher erinnern daran, dass alle gro\u00dfen Gesundheitsinfrastrukturen auf den Kanarischen Inseln im Gedenken an oder in Anerkennung eines herausragenden Arztes f\u00fcr seinen pers\u00f6nlichen Werdegang und sein pers\u00f6nliches Engagement benannt werden.<\/strong><\/p>\n<p>Der B\u00fcrgermeister von Antigua, Mat\u00edas Pe\u00f1a Garc\u00eda, hat den Besuch des Sprechers des Kollegiums der \u00c4rzte von Las Palmas auf Fuerteventura, Juan Letang, und Jorge S\u00e1nchez Hortelano, Sohn und Sprecher der Familie von D. Guillermo S\u00e1nchez Vel\u00e1zquez, empfangen.<\/p>\n<p>Am 29. Mai billigte der Stadtrat von Antigua in einer Plenarsitzung mit Unterst\u00fctzung aller anwesenden Ratsmitglieder, mit Ausnahme der Fraktion Coalici\u00f3n Canaria, den Vorschlag des \u00c4rztekollegiums, die wichtigste Gesundheitsinfrastruktur der Insel in Hospital Insular de Fuerteventura D. Guillermo S\u00e1nchez Vel\u00e1zquez umzubenennen.<\/p>\n<p>Es ist normal, dass die wichtigsten Gesundheitsstrukturen jeder Insel nach denjenigen benannt werden, die ihre Pr\u00e4senz gef\u00f6rdert haben, sagt Juan Letang, wie im Fall von D. Guillermo, der nicht nur sein ganzes Berufsleben lang als Arzt auf der Insel praktiziert hat, sondern es dank seines Engagements und seiner Hingabe unter anderem geschafft hat, ein medizinisches Team und Spezialisten auf der Insel zu schaffen, die es erm\u00f6glichten, die medizinische Versorgung der Familien in schwierigen Zeiten zu erweitern, zu verbessern und zu gew\u00e4hrleisten, und Letang f\u00fcgt hinzu, dass man sich auch daran erinnern sollte, dass D. Guillermo S\u00e1nchez Vel\u00e1zquez Pr\u00e4sident des Cabildo von Fuerteventura war und als erster Lieblingssohn Fuerteventuras durch eine Nachbarschaftsforderung anerkannt wurde, die in jenen Jahren Tausende von Unterschriften sammelte. Guillermo S\u00e1nchez Vel\u00e1zquez war Pr\u00e4sident des Cabildo von Fuerteventura und wurde als erster Lieblingssohn Fuerteventuras durch eine Forderung der Nachbarschaft anerkannt, die in jenen Jahren Tausende von Unterschriften sammelte.<\/p>\n<p>Den Pionieren und F\u00f6rderern des Gesundheitswesens auf jeder Insel Respekt zu zollen und ihnen zu gedenken, wie es jetzt auf Fuerteventura der Fall ist, ist das Mindeste, was wir tun k\u00f6nnen, sagt der B\u00fcrgermeister Mat\u00edas Pe\u00f1a, der daran erinnert, dass die Position des Rathauses von Antigua fest und mehrheitlich das \u00c4rztekollegium von Las Palmas in seinem Vorschlag an die Kanarische Regierung unterst\u00fctzt.<\/p>\n<\/p>\n<\/div>\n","protected":false},"excerpt":{"rendered":"<p><strong>Mit der Unterst\u00fctzung Antiguas argumentiert das \u00c4rztekollegium gegen\u00fcber dem Gesundheitsministerium, dass das Inselkrankenhaus den Namen Guillermo S\u00e1nchez Vel\u00e1zquez tragen sollte.<\/strong><\/p>\n","protected":false},"author":1,"featured_media":8075,"comment_status":"open","ping_status":"open","sticky":false,"template":"","format":"standard","meta":{"inline_featured_image":false,"jnews-multi-image_gallery":[],"jnews_single_post":[],"jnews_primary_category":[],"jnews_social_meta":[],"jnews_override_counter":[],"jnews_post_split":[],"footnotes":""},"categories":[283],"tags":[216,277],"class_list":["post-8078","post","type-post","status-publish","format-standard","has-post-thumbnail","hentry","category-antigua-de","tag-fuerteventura-de","tag-gesundheit"],"jetpack_featured_media_url":"https:\/\/informacionlocal.es\/wp-content\/uploads\/2025\/07\/alcalde-de-antigua-con-el-portavoz-del-colegio-de-medicos-en-fuerteventura-y-el-representante-familia-d-guillermo-sanchez-scaled-1.jpg","_links":{"self":[{"href":"https:\/\/informacionlocal.es\/de\/wp-json\/wp\/v2\/posts\/8078","targetHints":{"allow":["GET"]}}],"collection":[{"href":"https:\/\/informacionlocal.es\/de\/wp-json\/wp\/v2\/posts"}],"about":[{"href":"https:\/\/informacionlocal.es\/de\/wp-json\/wp\/v2\/types\/post"}],"author":[{"embeddable":true,"href":"https:\/\/informacionlocal.es\/de\/wp-json\/wp\/v2\/users\/1"}],"replies":[{"embeddable":true,"href":"https:\/\/informacionlocal.es\/de\/wp-json\/wp\/v2\/comments?post=8078"}],"version-history":[{"count":0,"href":"https:\/\/informacionlocal.es\/de\/wp-json\/wp\/v2\/posts\/8078\/revisions"}],"wp:featuredmedia":[{"embeddable":true,"href":"https:\/\/informacionlocal.es\/de\/wp-json\/wp\/v2\/media\/8075"}],"wp:attachment":[{"href":"https:\/\/informacionlocal.es\/de\/wp-json\/wp\/v2\/media?parent=8078"}],"wp:term":[{"taxonomy":"category","embeddable":true,"href":"https:\/\/informacionlocal.es\/de\/wp-json\/wp\/v2\/categories?post=8078"},{"taxonomy":"post_tag","embeddable":true,"href":"https:\/\/informacionlocal.es\/de\/wp-json\/wp\/v2\/tags?post=8078"}],"curies":[{"name":"wp","href":"https:\/\/api.w.org\/{rel}","templated":true}]}}