{"id":8053,"date":"2025-07-19T23:58:21","date_gmt":"2025-07-19T22:58:21","guid":{"rendered":"https:\/\/informacionlocal.es\/casillas-del-angel-haelt-seinen-glauben-und-seine-tradition-mit-der-emotionalen-opfergabe-an-santa-ana-lebendig\/"},"modified":"2025-07-19T23:58:21","modified_gmt":"2025-07-19T22:58:21","slug":"casillas-del-angel-haelt-seinen-glauben-und-seine-tradition-mit-der-emotionalen-opfergabe-an-santa-ana-lebendig","status":"publish","type":"post","link":"https:\/\/informacionlocal.es\/de\/casillas-del-angel-haelt-seinen-glauben-und-seine-tradition-mit-der-emotionalen-opfergabe-an-santa-ana-lebendig\/","title":{"rendered":"Casillas del \u00c1ngel h\u00e4lt seinen Glauben und seine Tradition mit der emotionalen Opfergabe an Santa Ana lebendig"},"content":{"rendered":"<div class=\"entry-content\">\n<p>Die Glocken der Kirche von Casillas del \u00c1ngel l\u00e4uteten an diesem Samstag als Symbol der Hingabe und Einheit den feierlichsten Moment der Fiestas zu Ehren von Santa Ana ein: die traditionelle Opfergabe an die Jungfrau. Ein Akt voller Emotionen und Volksbegeisterung, der nach der Wallfahrt stattfand und Nachbarn, Familien und Beh\u00f6rden in einer Atmosph\u00e4re des Respekts und des Stolzes auf die Wurzeln der Stadt zusammenbrachte. <\/p>\n<p>Der B\u00fcrgermeister von Puerto del Rosario, David de Vera, und der erste stellvertretende B\u00fcrgermeister und Stadtrat f\u00fcr Kultur, Juan Manuel Verdugo, waren bei dieser Opfergabe anwesend und teilten mit den Menschen diesen Moment von besonderer Bedeutung f\u00fcr Casillas del \u00c1ngel und die gesamte Gemeinde.<\/p>\n<p>&#8222;Das Engagement der Stadt f\u00fcr ihre Traditionen ist bewundernswert. Casillas del \u00c1ngel hat wieder einmal ein Beispiel daf\u00fcr gegeben, wie wir unser kulturelles Erbe lebendig halten k\u00f6nnen, das von Generation zu Generation weitergegeben wird und Teil unserer Identit\u00e4t als Volk ist&#8220;, betonte der B\u00fcrgermeister David de Vera am Ende der Veranstaltung.<\/p>\n<p>Der Stadtrat f\u00fcr Kultur, Juan Manuel Verdugo, bedankte sich seinerseits &#8222;bei allen, die diese Feste m\u00f6glich machen, die nicht nur ein Fest sind, sondern auch Erinnerung, Geschichte und lebendige Kultur. Von Seiten des Rathauses werden wir diese Art von Veranstaltungen, die unsere Gemeinde bereichern und unsere Beziehungen st\u00e4rken, weiterhin nachdr\u00fccklich unterst\u00fctzen&#8220;.<\/p>\n<p>Inmitten von Ges\u00e4ngen, Parrandas und Emotionen brachten die Nachbarn der Jungfrau ihre Gaben dar, um gemeinsam ihren Glauben, ihre Liebe und ihre Dankbarkeit zu zeigen. Das Bildnis der Santa Ana, umgeben von Blumen und Produkten aus der Natur, wurde wieder einmal zum spirituellen Mittelpunkt eines Festes, das Jahr f\u00fcr Jahr seinen Wert als Teil des kulturellen Erbes von Puerto del Rosario erneuert. <\/p>\n<p>Im 18. Jahrhundert gab es einen wirtschaftlichen Aufschwung, der zu einem Anstieg der Bev\u00f6lkerung f\u00fchrte, was die 1708 begonnene kirchliche Dezentralisierung beg\u00fcnstigte, die Fuerteventura in vier Gemeinden aufteilte: Antigua, Betancuria, Casillas del \u00c1ngel und Tuineje.<\/p>\n<p>Der Stadtrat von Puerto del Rosario begl\u00fcckw\u00fcnscht die Einwohner von Casillas del \u00c1ngel zu ihrer Hingabe, ihrem Engagement und ihrer Liebe zu ihren Festen und dankt allen, die diese Feste erm\u00f6glichen und dazu beitragen, dass unsere Traditionen so lebendig bleiben wie eh und je.<\/p>\n<\/div>\n","protected":false},"excerpt":{"rendered":"<p>Die Glocken der Kirche von Casillas del \u00c1ngel l\u00e4uteten an diesem Samstag als Symbol der Hingabe und Einheit den feierlichsten Moment der Fiestas zu Ehren von Santa Ana ein: die [&hellip;]<\/p>\n","protected":false},"author":1,"featured_media":8051,"comment_status":"open","ping_status":"open","sticky":false,"template":"","format":"standard","meta":{"inline_featured_image":false,"jnews-multi-image_gallery":[],"jnews_single_post":[],"jnews_primary_category":[],"jnews_social_meta":[],"jnews_override_counter":[],"jnews_post_split":[],"footnotes":""},"categories":[293],"tags":[216],"class_list":["post-8053","post","type-post","status-publish","format-standard","has-post-thumbnail","hentry","category-puerto-del-rosario-de","tag-fuerteventura-de"],"jetpack_featured_media_url":"https:\/\/informacionlocal.es\/wp-content\/uploads\/2025\/07\/santa-ana-25-ofrenda.jpeg","_links":{"self":[{"href":"https:\/\/informacionlocal.es\/de\/wp-json\/wp\/v2\/posts\/8053","targetHints":{"allow":["GET"]}}],"collection":[{"href":"https:\/\/informacionlocal.es\/de\/wp-json\/wp\/v2\/posts"}],"about":[{"href":"https:\/\/informacionlocal.es\/de\/wp-json\/wp\/v2\/types\/post"}],"author":[{"embeddable":true,"href":"https:\/\/informacionlocal.es\/de\/wp-json\/wp\/v2\/users\/1"}],"replies":[{"embeddable":true,"href":"https:\/\/informacionlocal.es\/de\/wp-json\/wp\/v2\/comments?post=8053"}],"version-history":[{"count":0,"href":"https:\/\/informacionlocal.es\/de\/wp-json\/wp\/v2\/posts\/8053\/revisions"}],"wp:featuredmedia":[{"embeddable":true,"href":"https:\/\/informacionlocal.es\/de\/wp-json\/wp\/v2\/media\/8051"}],"wp:attachment":[{"href":"https:\/\/informacionlocal.es\/de\/wp-json\/wp\/v2\/media?parent=8053"}],"wp:term":[{"taxonomy":"category","embeddable":true,"href":"https:\/\/informacionlocal.es\/de\/wp-json\/wp\/v2\/categories?post=8053"},{"taxonomy":"post_tag","embeddable":true,"href":"https:\/\/informacionlocal.es\/de\/wp-json\/wp\/v2\/tags?post=8053"}],"curies":[{"name":"wp","href":"https:\/\/api.w.org\/{rel}","templated":true}]}}