{"id":8042,"date":"2025-07-19T00:59:18","date_gmt":"2025-07-18T23:59:18","guid":{"rendered":"https:\/\/informacionlocal.es\/dojo-guaboren-veranstaltet-im-november-das-6-frauenselbstverteidigungsseminar\/"},"modified":"2025-07-19T00:59:18","modified_gmt":"2025-07-18T23:59:18","slug":"dojo-guaboren-veranstaltet-im-november-das-6-frauenselbstverteidigungsseminar","status":"publish","type":"post","link":"https:\/\/informacionlocal.es\/de\/dojo-guaboren-veranstaltet-im-november-das-6-frauenselbstverteidigungsseminar\/","title":{"rendered":"Dojo Guaboren veranstaltet im November das 6. Frauenselbstverteidigungsseminar"},"content":{"rendered":"<div class=\"entry-content\"><strong>18. Juli, 2025<\/strong><\/p>\n<p><em><strong>Internationale Meister werden in der Sporthalle von Gran Tarajal trainieren, und zwar im Rahmen einer Wohlt\u00e4tigkeitsveranstaltung zu Gunsten der Asociaci\u00f3n Majoreros Solidarios.<\/strong><\/em><strong>V<\/strong><\/p>\n<p>Dojo Guaboren wird die VI. Ausgabe des Selbstverteidigungsseminars f\u00fcr Frauen mit Unterst\u00fctzung des Rathauses von Tuineje und in Zusammenarbeit mit der Sportabteilung der Inselregierung von Fuerteventura und dem Playitas Resort als Hauptsponsor durchf\u00fchren. Das Seminar findet am Samstag, den 15. November, von 09.00 bis 14.00 Uhr in der Sporthalle von Gran Tarajal statt. <\/p>\n<p>Was das f\u00fcr die Ausbildung zust\u00e4ndige Team betrifft, so werden internationale Meister anwesend sein: die Senseis Alex Alonso, Inseldelegierter des Karate Kano Ryu; Massimiliano Vona, nationaler Direktor f\u00fcr traditionelles Karate der National Federation of Jujitsu und DD. AA; und Mart\u00edn Gonz\u00e1lez, internationaler Meister der Kampfk\u00fcnste und Doktor in Sportmedizin, Sicherheit und Recht. <\/p>\n<p>Der Stadtrat f\u00fcr Sport, Luis Gonz\u00e1lez, dankte Guaboren daf\u00fcr, dass er &#8222;weiterhin eine Veranstaltung f\u00f6rdert, die den Sport als gesellschaftsver\u00e4nderndes Element einsetzt und die vom Sporthilfeprogramm des Cabildo de Fuerteventura unterst\u00fctzt wird&#8220;.<\/p>\n<p>Die Stadtr\u00e4tin f\u00fcr Sport, Dulce Garc\u00eda, zeigte die Bereitschaft der Stadtverwaltung von Tuineje, bei der Entwicklung solcher Veranstaltungen stets auf das Dojo Guaboren zu setzen. Der Stadtrat f\u00fcr Soziales, Pedro Rodr\u00edguez, hob seinerseits den solidarischen Charakter des Seminars zugunsten der schw\u00e4chsten Bev\u00f6lkerungsgruppen Fuerteventuras hervor. An der Pr\u00e4sentation nahm auch die Stadtr\u00e4tin f\u00fcr lokale Entwicklung von Antigua, Victoria Cerde\u00f1a, teil.  <\/p>\n<p>Mehr als 650 Frauen haben bereits an den verschiedenen Ausgaben des Seminars teilgenommen. Der Pr\u00e4sident von Guaboren, Alexis Alonso, erkl\u00e4rte, dass die Initiative Teil des Projekts zur sozialen Eingliederung &#8222;Stop a La Violencia del Dojo&#8220; und zugunsten der Asociaci\u00f3n Majoreros Solidarios ist, um weiterhin denen zu helfen, die es am meisten brauchen. Alonso rechnet mit einer hohen Beteiligung, wie schon bei fr\u00fcheren Ausgaben, bei denen wir 136 Teilnehmer erreicht haben. Anmeldungen k\u00f6nnen unter folgender Telefonnummer vorgenommen werden: 659 697 999.   <\/p>\n<\/div>\n","protected":false},"excerpt":{"rendered":"<p>18. Juli, 2025 Internationale Meister werden in der Sporthalle von Gran Tarajal trainieren, und zwar im Rahmen einer Wohlt\u00e4tigkeitsveranstaltung zu Gunsten der Asociaci\u00f3n Majoreros Solidarios.V Dojo Guaboren wird die VI. [&hellip;]<\/p>\n","protected":false},"author":1,"featured_media":8039,"comment_status":"open","ping_status":"open","sticky":false,"template":"","format":"standard","meta":{"inline_featured_image":false,"jnews-multi-image_gallery":[],"jnews_single_post":[],"jnews_primary_category":[],"jnews_social_meta":[],"jnews_override_counter":[],"jnews_post_split":[],"footnotes":""},"categories":[287],"tags":[303,216],"class_list":["post-8042","post","type-post","status-publish","format-standard","has-post-thumbnail","hentry","category-cabildo-de","tag-eventos-de","tag-fuerteventura-de"],"jetpack_featured_media_url":"https:\/\/informacionlocal.es\/wp-content\/uploads\/2025\/07\/eeeeef.jpeg","_links":{"self":[{"href":"https:\/\/informacionlocal.es\/de\/wp-json\/wp\/v2\/posts\/8042","targetHints":{"allow":["GET"]}}],"collection":[{"href":"https:\/\/informacionlocal.es\/de\/wp-json\/wp\/v2\/posts"}],"about":[{"href":"https:\/\/informacionlocal.es\/de\/wp-json\/wp\/v2\/types\/post"}],"author":[{"embeddable":true,"href":"https:\/\/informacionlocal.es\/de\/wp-json\/wp\/v2\/users\/1"}],"replies":[{"embeddable":true,"href":"https:\/\/informacionlocal.es\/de\/wp-json\/wp\/v2\/comments?post=8042"}],"version-history":[{"count":0,"href":"https:\/\/informacionlocal.es\/de\/wp-json\/wp\/v2\/posts\/8042\/revisions"}],"wp:featuredmedia":[{"embeddable":true,"href":"https:\/\/informacionlocal.es\/de\/wp-json\/wp\/v2\/media\/8039"}],"wp:attachment":[{"href":"https:\/\/informacionlocal.es\/de\/wp-json\/wp\/v2\/media?parent=8042"}],"wp:term":[{"taxonomy":"category","embeddable":true,"href":"https:\/\/informacionlocal.es\/de\/wp-json\/wp\/v2\/categories?post=8042"},{"taxonomy":"post_tag","embeddable":true,"href":"https:\/\/informacionlocal.es\/de\/wp-json\/wp\/v2\/tags?post=8042"}],"curies":[{"name":"wp","href":"https:\/\/api.w.org\/{rel}","templated":true}]}}