{"id":8030,"date":"2025-07-18T23:58:25","date_gmt":"2025-07-18T22:58:25","guid":{"rendered":"https:\/\/informacionlocal.es\/positives-feedback-von-betreibern-in-deutschland-17-mehr-direkte-linienverbindungen-in-vorbereitung-auf-den-winter\/"},"modified":"2025-07-18T23:58:25","modified_gmt":"2025-07-18T22:58:25","slug":"positives-feedback-von-betreibern-in-deutschland-17-mehr-direkte-linienverbindungen-in-vorbereitung-auf-den-winter","status":"publish","type":"post","link":"https:\/\/informacionlocal.es\/de\/positives-feedback-von-betreibern-in-deutschland-17-mehr-direkte-linienverbindungen-in-vorbereitung-auf-den-winter\/","title":{"rendered":"Positives Feedback von Betreibern in Deutschland: 1,7 % mehr direkte Linienverbindungen in Vorbereitung auf den Winter"},"content":{"rendered":"<div class=\"entry-content\"><strong>18. Juli, 2025<\/strong><\/p>\n<p><em><strong>Die mallorquinische Hoteliers-Delegation hat sich auf der vom Tourismusverband organisierten Fachtagung in vier deutschen St\u00e4dten &#8222;pers\u00f6nlich&#8220; von der guten Buchungslage \u00fcberzeugt.<\/strong><\/em><\/p>\n<p><em><strong>Marlene Figueroa: &#8222;Diese exklusive Werbung f\u00fcr Fuerteventura zeigt unsere St\u00e4rke als vereintes Reiseziel, attraktive Produkte zu entwickeln, die zu einer Verbesserung der Besch\u00e4ftigungslage f\u00fchren sollten, um einen Multiplikatoreffekt in der lokalen Wirtschaft zu bewirken&#8220;.<\/strong><\/em><\/p>\n<p>Die Delegation von Hoteliers aus Fuerteventura, die an den vom Fremdenverkehrsamt organisierten Fachkonferenzen in vier deutschen St\u00e4dten teilgenommen hat, hat ein positives Feedback f\u00fcr die Wintersaison erhalten, mit einem nachgewiesenen Anstieg von 1,7 Prozent bei den Direkt- und Linienfl\u00fcgen von Fuerteventura nach Deutschland.<\/p>\n<p>Das vom Tourismusverband gew\u00e4hlte Format der Treffen hat eine Gesch\u00e4ftsbeziehung auf gleicher Augenh\u00f6he und mit voller Sichtbarkeit des Produkts Fuerteventura beg\u00fcnstigt, da die Hoteliers und deutschen Reiseveranstalter Informationen &#8222;von Angesicht zu Angesicht, ohne andere konkurrierende Reiseziele oder Vermittler&#8220; ausgetauscht haben.<\/p>\n<p>Die Stadtr\u00e4tin f\u00fcr Tourismus der Inselregierung von Fuerteventura, Marlene Figueroa, erkl\u00e4rt, dass &#8222;diese exklusive Werbung f\u00fcr Fuerteventura unsere St\u00e4rke als vereintes Reiseziel zeigt, um attraktive Produkte zu entwickeln, die zu einer Verbesserung der Besch\u00e4ftigung f\u00fchren und einen Multiplikatoreffekt auf die lokale Wirtschaft aus\u00fcben sollen&#8220;.<\/p>\n<p>&#8222;In der Tourismusbeh\u00f6rde bem\u00fchen wir uns um eine Win-Win-Beziehung zwischen unserem Tourismussektor und den Reiseveranstaltern, was bedeutet, dass wir direkte Gesch\u00e4ftskontakte auf gleichberechtigter Basis und zum beiderseitigen Nutzen pflegen&#8220;, sagt er, &#8222;denn nur diese Win-Win-Formel wird es unseren Arbeitgebern erm\u00f6glichen, die Arbeitsbedingungen ihrer Arbeitnehmer auf Fuerteventura zu verbessern und damit auch andere damit verbundene lokale Wirtschaftszweige anzukurbeln.<\/p>\n<p>Die mallorquinische Wirtschaftsdelegation unter der Leitung des Fremdenverkehrsamtes hat mit ihrem deutschen Amtskollegen die gute Buchungslage f\u00fcr die Wintersaison 2025\/26 (vom 1. November bis 31. M\u00e4rz) und die Zunahme der regelm\u00e4\u00dfigen Flugverbindungen von Deutschland nach Fuerteventura mit rund 427.163 Direktfl\u00fcgen (1,7 % mehr) best\u00e4tigt.<\/p>\n<p>Die Fachkonferenzen des Fremdenverkehrsamtes, an denen 39 Hotels von Fuerteventura und die wichtigsten Reiseveranstalter des deutschen Marktes teilnahmen, fanden in D\u00fcsseldorf (am 14. Juli), Hannover (am 15. Juli), Hamburg (am 16. Juli) und Berlin (am 17. Juli) statt.<\/p>\n<h2>Fuerteventura in Deutschland und vice versa<\/h2>\n<p>Es ist erw\u00e4hnenswert, dass der Tourismussektor Fuerteventuras die Initiative des Fremdenverkehrsamtes stark unterst\u00fctzt hat, indem er F\u00fchrungskr\u00e4fte von Barcel\u00f3 Hotels, Coral Cotillo Beach Hotel, Elba Hotels, Fergus Hotels, Hyatt Inclusive Collection, Iberostar Hotels, LIVVO Hotels, Princess Hotels und R2 Hotels entsandte. Diese Ketten repr\u00e4sentieren mehr als die H\u00e4lfte der auf Fuerteventura t\u00e4tigen Drei- bis F\u00fcnf-Sterne-Hotels. <\/p>\n<p>Der deutsche Markt ist f\u00fcr Fuerteventura von zentraler Bedeutung, da er fast 32 Prozent der Gesamttouristenzahl ausmacht. Die Zahlen f\u00fcr das vergangene Jahr 2024 zeigen, dass die Insel 769.847 deutsche Touristen empfangen hat, wobei 801.502 Passagiere mit Direktfl\u00fcgen von deutschen Flugh\u00e4fen anreisten. <\/p>\n<p>Der durchschnittliche deutsche Tourist gibt mehr als 169 Euro pro Tag im Zielgebiet aus. Sie investieren rund 1.700 Euro in ihre Reise nach Fuerteventura, mit einem durchschnittlichen Aufenthalt von mehr als 10 Tagen. Das Durchschnittsalter der Deutschen, die Fuerteventura besuchen, liegt bei 48 Jahren und fast die H\u00e4lfte von ihnen reist als Paar, aber ohne Kinder. Die Hauptmotivation der Deutschen, nach Fuerteventura zu reisen, ist die Entspannung und der Kontakt mit der Natur, dem Kulturerbe, der Kultur und den lokalen Br\u00e4uchen.   <\/p>\n<\/div>\n","protected":false},"excerpt":{"rendered":"<p>18. Juli, 2025 Die mallorquinische Hoteliers-Delegation hat sich auf der vom Tourismusverband organisierten Fachtagung in vier deutschen St\u00e4dten &#8222;pers\u00f6nlich&#8220; von der guten Buchungslage \u00fcberzeugt. Marlene Figueroa: &#8222;Diese exklusive Werbung f\u00fcr [&hellip;]<\/p>\n","protected":false},"author":1,"featured_media":8027,"comment_status":"open","ping_status":"open","sticky":false,"template":"","format":"standard","meta":{"inline_featured_image":false,"jnews-multi-image_gallery":[],"jnews_single_post":[],"jnews_primary_category":[],"jnews_social_meta":[],"jnews_override_counter":[],"jnews_post_split":[],"footnotes":""},"categories":[287],"tags":[216],"class_list":["post-8030","post","type-post","status-publish","format-standard","has-post-thumbnail","hentry","category-cabildo-de","tag-fuerteventura-de"],"jetpack_featured_media_url":"https:\/\/informacionlocal.es\/wp-content\/uploads\/2025\/07\/ddddf.jpeg","_links":{"self":[{"href":"https:\/\/informacionlocal.es\/de\/wp-json\/wp\/v2\/posts\/8030","targetHints":{"allow":["GET"]}}],"collection":[{"href":"https:\/\/informacionlocal.es\/de\/wp-json\/wp\/v2\/posts"}],"about":[{"href":"https:\/\/informacionlocal.es\/de\/wp-json\/wp\/v2\/types\/post"}],"author":[{"embeddable":true,"href":"https:\/\/informacionlocal.es\/de\/wp-json\/wp\/v2\/users\/1"}],"replies":[{"embeddable":true,"href":"https:\/\/informacionlocal.es\/de\/wp-json\/wp\/v2\/comments?post=8030"}],"version-history":[{"count":0,"href":"https:\/\/informacionlocal.es\/de\/wp-json\/wp\/v2\/posts\/8030\/revisions"}],"wp:featuredmedia":[{"embeddable":true,"href":"https:\/\/informacionlocal.es\/de\/wp-json\/wp\/v2\/media\/8027"}],"wp:attachment":[{"href":"https:\/\/informacionlocal.es\/de\/wp-json\/wp\/v2\/media?parent=8030"}],"wp:term":[{"taxonomy":"category","embeddable":true,"href":"https:\/\/informacionlocal.es\/de\/wp-json\/wp\/v2\/categories?post=8030"},{"taxonomy":"post_tag","embeddable":true,"href":"https:\/\/informacionlocal.es\/de\/wp-json\/wp\/v2\/tags?post=8030"}],"curies":[{"name":"wp","href":"https:\/\/api.w.org\/{rel}","templated":true}]}}