{"id":8017,"date":"2025-07-18T22:59:25","date_gmt":"2025-07-18T21:59:25","guid":{"rendered":"https:\/\/informacionlocal.es\/die-strasse-pajara-ajuy-ist-jetzt-mit-neuen-modernen-verkehrsschildern-ausgestattet\/"},"modified":"2025-07-18T22:59:25","modified_gmt":"2025-07-18T21:59:25","slug":"die-strasse-pajara-ajuy-ist-jetzt-mit-neuen-modernen-verkehrsschildern-ausgestattet","status":"publish","type":"post","link":"https:\/\/informacionlocal.es\/de\/die-strasse-pajara-ajuy-ist-jetzt-mit-neuen-modernen-verkehrsschildern-ausgestattet\/","title":{"rendered":"Die Stra\u00dfe P\u00e1jara-Ajuy ist jetzt mit neuen, modernen Verkehrsschildern ausgestattet."},"content":{"rendered":"<div class=\"entry-content\"><strong>18. Juli, 2025<\/strong><\/p>\n<p><em><strong>Roads integriert Elemente mit Kohlenstoff-Nanopartikeln, NANOTEC, in den FV-621, der korrosionsbest\u00e4ndiger ist.<\/strong><\/em><\/p>\n<p>Die Stra\u00dfenbeh\u00f6rde Cabildo de Fuerteventura hat die vertikalen Verkehrsschilder auf der FV-621, die P\u00e1jara mit Ajuy verbindet, ausgetauscht. Die neuen Verkehrssicherheitselemente bestehen aus Materialien der neuesten Generation, die auf Kohlenstoff-Nanopartikeln basieren. Die Fahrbahnmarkierungen werden nun durch neue Baken und Randmarkierungen ersetzt.  <\/p>\n<p>Blas Acosta, Stadtrat f\u00fcr Stra\u00dfenwesen, betont, dass das &#8222;Hauptziel darin besteht, ein sicheres Stra\u00dfennetz zu haben&#8220;, um die Mobilit\u00e4t von Menschen, Waren und Dienstleistungen auf der Insel zu erleichtern.<\/p>\n<p>&#8222;Das soziale Wohlergehen und die Lebensqualit\u00e4t auf Fuerteventura h\u00e4ngen mit der Entwicklung einer gesunden und wohlstandsf\u00f6rdernden lokalen Wirtschaft zusammen. Deshalb widmet das Cabildo allen Ma\u00dfnahmen, die diese Entwicklung beg\u00fcnstigen, besondere Aufmerksamkeit, insbesondere den \u00f6ffentlichen Infrastrukturen&#8220;, so Blas Acosta.<\/p>\n<p>Der Austausch der vertikalen Schilder an der FV-621 ist ein gutes Beispiel f\u00fcr diese Politik. Die alten Schilder hatten aufgrund von Korrosion auf See eine schlechte Reflektivit\u00e4t und Sichtbarkeit. Die neuen NANOTEC-Schilder sind widerstandsf\u00e4higer gegen die (aggressivere und korrosivere) Meeresumwelt und gegen St\u00f6\u00dfe, was die Wartungskosten und die Lebensdauer verringert.  <\/p>\n<p>NANOTEC-Schilder enthalten Kohlenstoff-Nanopartikel in einem Faser-Harz-Verbundwerkstoff, der die mechanischen Eigenschaften des Schildes verbessert und es im Vergleich zu Stahl- oder Aluminiumschildern leichter macht. Dar\u00fcber hinaus bestehen sie die vorgeschriebenen Tests f\u00fcr Zugfestigkeit, Bruch, Elastizit\u00e4t und Haltbarkeit mit besseren Ergebnissen. <\/p>\n<p>Was die Beschilderung der FV-621 anbelangt, so wird die Stra\u00dfenbeh\u00f6rde im Laufe des Monats Juli auch alle &#8222;Katzenaugen&#8220;-Baken austauschen und mit der Installation von Randmarkierungen und Schrankenmarkierungen fortfahren, wozu die Kilometersteine zwischen P\u00e1jara und Ajuy neu angeordnet werden.<\/p>\n<\/div>\n","protected":false},"excerpt":{"rendered":"<p>18. Juli, 2025 Roads integriert Elemente mit Kohlenstoff-Nanopartikeln, NANOTEC, in den FV-621, der korrosionsbest\u00e4ndiger ist. Die Stra\u00dfenbeh\u00f6rde Cabildo de Fuerteventura hat die vertikalen Verkehrsschilder auf der FV-621, die P\u00e1jara mit [&hellip;]<\/p>\n","protected":false},"author":1,"featured_media":8015,"comment_status":"open","ping_status":"open","sticky":false,"template":"","format":"standard","meta":{"inline_featured_image":false,"jnews-multi-image_gallery":[],"jnews_single_post":[],"jnews_primary_category":[],"jnews_social_meta":[],"jnews_override_counter":[],"jnews_post_split":[],"footnotes":""},"categories":[287],"tags":[216],"class_list":["post-8017","post","type-post","status-publish","format-standard","has-post-thumbnail","hentry","category-cabildo-de","tag-fuerteventura-de"],"jetpack_featured_media_url":"https:\/\/informacionlocal.es\/wp-content\/uploads\/2025\/07\/ajuy2.jpeg","_links":{"self":[{"href":"https:\/\/informacionlocal.es\/de\/wp-json\/wp\/v2\/posts\/8017","targetHints":{"allow":["GET"]}}],"collection":[{"href":"https:\/\/informacionlocal.es\/de\/wp-json\/wp\/v2\/posts"}],"about":[{"href":"https:\/\/informacionlocal.es\/de\/wp-json\/wp\/v2\/types\/post"}],"author":[{"embeddable":true,"href":"https:\/\/informacionlocal.es\/de\/wp-json\/wp\/v2\/users\/1"}],"replies":[{"embeddable":true,"href":"https:\/\/informacionlocal.es\/de\/wp-json\/wp\/v2\/comments?post=8017"}],"version-history":[{"count":0,"href":"https:\/\/informacionlocal.es\/de\/wp-json\/wp\/v2\/posts\/8017\/revisions"}],"wp:featuredmedia":[{"embeddable":true,"href":"https:\/\/informacionlocal.es\/de\/wp-json\/wp\/v2\/media\/8015"}],"wp:attachment":[{"href":"https:\/\/informacionlocal.es\/de\/wp-json\/wp\/v2\/media?parent=8017"}],"wp:term":[{"taxonomy":"category","embeddable":true,"href":"https:\/\/informacionlocal.es\/de\/wp-json\/wp\/v2\/categories?post=8017"},{"taxonomy":"post_tag","embeddable":true,"href":"https:\/\/informacionlocal.es\/de\/wp-json\/wp\/v2\/tags?post=8017"}],"curies":[{"name":"wp","href":"https:\/\/api.w.org\/{rel}","templated":true}]}}