{"id":8006,"date":"2025-07-18T21:58:44","date_gmt":"2025-07-18T20:58:44","guid":{"rendered":"https:\/\/informacionlocal.es\/puerto-del-rosario-sucht-nach-neuen-stimmen-das-festival-de-la-cancion-kehrt-am-28-september-zurueck\/"},"modified":"2025-07-18T21:58:44","modified_gmt":"2025-07-18T20:58:44","slug":"puerto-del-rosario-sucht-nach-neuen-stimmen-das-festival-de-la-cancion-kehrt-am-28-september-zurueck","status":"publish","type":"post","link":"https:\/\/informacionlocal.es\/de\/puerto-del-rosario-sucht-nach-neuen-stimmen-das-festival-de-la-cancion-kehrt-am-28-september-zurueck\/","title":{"rendered":"Puerto del Rosario sucht nach neuen Stimmen: Das Festival de la Canci\u00f3n kehrt am 28. September zur\u00fcck"},"content":{"rendered":"<div class=\"entry-content\">\n<p><strong>Interessierte k\u00f6nnen sich vom 21. Juli bis 3. August \u00fcber die offizielle Website der Veranstaltung anmelden: <\/strong><strong>lanuevasaga.com<\/strong><strong>.<\/strong><\/p>\n<p>Die Stadtverwaltung von Puerto del Rosario gibt \u00fcber die Abteilung f\u00fcr Festivit\u00e4ten die Er\u00f6ffnung der Anmeldefrist f\u00fcr die <strong>7. Ausgabe des Liederfestivals von Puerto del Rosario<\/strong> bekannt, eine Veranstaltung, die sich als eines der gro\u00dfen musikalischen und festlichen Ereignisse der Gemeinde etabliert hat.<\/p>\n<p>Interessierte k\u00f6nnen sich vom <strong>21. Juli bis 3. August<\/strong> \u00fcber die offizielle Website der Veranstaltung anmelden: www.lanuevasaga.com. Das Festival findet am <strong>28. September<\/strong> statt und verspricht ein Abend voller Emotionen, Talent und guter Musik zu werden. <\/p>\n<p>Der Wettbewerb hat zwei Teilnahmekategorien &#8211; Erwachsene<strong>und Junioren &#8211;<\/strong>und bietet eine attraktive Verteilung von Preisen:<\/p>\n<ul>\n<li><strong>Erster Preis<\/strong>: 1.000 \u20ac.<\/li>\n<li><strong>Zweiter Preis<\/strong>: 500 \u20ac<br \/><em>(in beiden Kategorien)<\/em><\/li>\n<\/ul>\n<p>Wie bei fr\u00fcheren Ausgaben werden die Teilnehmer live von der Band <strong>Son de Aqu\u00ed y All\u00e1<\/strong> begleitet, ein besonderes Element, das der Show einen szenischen und musikalischen Wert verleiht und dieses Erlebnis zu einer einzigartigen Plattform f\u00fcr die Entdeckung und F\u00f6rderung lokaler Talente macht.<\/p>\n<p>Der B\u00fcrgermeister von Puerto del Rosario, <strong>David de Vera<\/strong>, hat die Bedeutung der Veranstaltung unterstrichen: <em>&#8222;Dieses Festival ist nicht nur Ausdruck des musikalischen Talents, das auf unserer Insel gedeiht, sondern auch eine Gelegenheit, die Kreativit\u00e4t, die k\u00fcnstlerische Leidenschaft und den Zusammenhalt unserer Gemeinschaft rund um die Musik zu feiern&#8220;.<\/em><\/p>\n<p>Die Stadtr\u00e4tin f\u00fcr Festlichkeiten, <strong>Tacoremi Guti\u00e9rrez<\/strong>, lud ihrerseits die \u00d6ffentlichkeit ein, an diesem Erlebnis teilzuhaben:  <em>&#8222;Wir vom Stadtrat f\u00f6rdern weiterhin Initiativen, die unseren K\u00fcnstlern eine Stimme geben. Das Song Festival   <\/em><em>ist ein Raum f\u00fcr generations\u00fcbergreifende Begegnungen und ein Schaufenster f\u00fcr Illusion, Anstrengung und gemeinsame Kunst&#8220;.<\/em><\/p>\n<p>Eine gro\u00dfe Neuheit ist die Teilnahme eines <strong>Gastk\u00fcnstlers<\/strong>, der das Festival mit einer ganz besonderen Darbietung abschlie\u00dfen wird und damit einen unvergesslichen Abend abrundet.<\/p>\n<p>Das von der Festabteilung des Rathauses von Puerto del Rosario organisierte Festival de la Canci\u00f3n bekr\u00e4ftigt sein Engagement f\u00fcr die F\u00f6rderung von Kultur, Musik und Talent in der Gemeinde und auf ganz Fuerteventura.<\/p>\n<p><strong>Kommen Sie und machen Sie mit! Puerto del Rosario wartet auf Sie, damit Sie Ihre Stimme lauter denn je erheben k\u00f6nnen. <\/strong><\/p>\n<\/div>\n","protected":false},"excerpt":{"rendered":"<p>Interessierte k\u00f6nnen sich vom 21. Juli bis 3. August \u00fcber die offizielle Website der Veranstaltung anmelden: lanuevasaga.com. Die Stadtverwaltung von Puerto del Rosario gibt \u00fcber die Abteilung f\u00fcr Festivit\u00e4ten die [&hellip;]<\/p>\n","protected":false},"author":1,"featured_media":8003,"comment_status":"open","ping_status":"open","sticky":false,"template":"","format":"standard","meta":{"inline_featured_image":false,"jnews-multi-image_gallery":[],"jnews_single_post":[],"jnews_primary_category":[],"jnews_social_meta":[],"jnews_override_counter":[],"jnews_post_split":[],"footnotes":""},"categories":[293],"tags":[216],"class_list":["post-8006","post","type-post","status-publish","format-standard","has-post-thumbnail","hentry","category-puerto-del-rosario-de","tag-fuerteventura-de"],"jetpack_featured_media_url":"https:\/\/informacionlocal.es\/wp-content\/uploads\/2025\/07\/festival-titu-de-la-cancion-24-cantante-2.jpg","_links":{"self":[{"href":"https:\/\/informacionlocal.es\/de\/wp-json\/wp\/v2\/posts\/8006","targetHints":{"allow":["GET"]}}],"collection":[{"href":"https:\/\/informacionlocal.es\/de\/wp-json\/wp\/v2\/posts"}],"about":[{"href":"https:\/\/informacionlocal.es\/de\/wp-json\/wp\/v2\/types\/post"}],"author":[{"embeddable":true,"href":"https:\/\/informacionlocal.es\/de\/wp-json\/wp\/v2\/users\/1"}],"replies":[{"embeddable":true,"href":"https:\/\/informacionlocal.es\/de\/wp-json\/wp\/v2\/comments?post=8006"}],"version-history":[{"count":0,"href":"https:\/\/informacionlocal.es\/de\/wp-json\/wp\/v2\/posts\/8006\/revisions"}],"wp:featuredmedia":[{"embeddable":true,"href":"https:\/\/informacionlocal.es\/de\/wp-json\/wp\/v2\/media\/8003"}],"wp:attachment":[{"href":"https:\/\/informacionlocal.es\/de\/wp-json\/wp\/v2\/media?parent=8006"}],"wp:term":[{"taxonomy":"category","embeddable":true,"href":"https:\/\/informacionlocal.es\/de\/wp-json\/wp\/v2\/categories?post=8006"},{"taxonomy":"post_tag","embeddable":true,"href":"https:\/\/informacionlocal.es\/de\/wp-json\/wp\/v2\/tags?post=8006"}],"curies":[{"name":"wp","href":"https:\/\/api.w.org\/{rel}","templated":true}]}}