{"id":7994,"date":"2025-07-18T21:03:32","date_gmt":"2025-07-18T20:03:32","guid":{"rendered":"https:\/\/informacionlocal.es\/das-cabildo-schliesst-die-renovierung-des-traditionsmarktes-in-la-oliva-ab\/"},"modified":"2025-07-18T21:03:32","modified_gmt":"2025-07-18T20:03:32","slug":"das-cabildo-schliesst-die-renovierung-des-traditionsmarktes-in-la-oliva-ab","status":"publish","type":"post","link":"https:\/\/informacionlocal.es\/de\/das-cabildo-schliesst-die-renovierung-des-traditionsmarktes-in-la-oliva-ab\/","title":{"rendered":"Das Cabildo schlie\u00dft die Renovierung des Traditionsmarktes in La Oliva ab"},"content":{"rendered":"<div class=\"entry-content\"><strong>18. Juli, 2025<\/strong><\/p>\n<p><em><strong>Das Projekt ist Teil des Entwicklungsplans f\u00fcr den Fremdenverkehr &#8222;Fuerte por Naturaleza&#8220;, der wichtige Verbesserungen in Bezug auf Zug\u00e4nglichkeit und Nachhaltigkeit vorsieht.<\/strong><\/em><\/p>\n<p>Die Inselregierung von Fuerteventura hat die Renovierungsarbeiten am Markt Casa del Coronel in La Oliva abgeschlossen, die im Rahmen des Plans &#8222;Fuerte por Naturaleza&#8220; des Tourismusministeriums f\u00fcr die Nachhaltigkeit von Reisezielen durchgef\u00fchrt wurden. Die Arbeiten umfassten eine Investition von 257.582 Euro. <\/p>\n<p>Mit der Fertigstellung dieses Projekts &#8222;wird die Funktionalit\u00e4t und Wettbewerbsf\u00e4higkeit eines wichtigen Raums f\u00fcr den lokalen Handel und die F\u00f6rderung der Majorero-Kultur und -Gastronomie verbessert&#8220;, erkl\u00e4rt die Pr\u00e4sidentin des Cabildo, Lola Garc\u00eda.<\/p>\n<p>Die Stadtr\u00e4tin f\u00fcr Tourismus, Marlene Figueroa, hat die guten Ergebnisse einer Arbeit hervorgehoben, die es erm\u00f6glicht hat, eine wichtige Enklave f\u00fcr Bewohner und Besucher zu modernisieren. Bessere Zug\u00e4nglichkeit, Nachhaltigkeit und Funktionalit\u00e4t sind gew\u00e4hrleistet. <\/p>\n<p>Sowohl Garc\u00eda als auch Figueroa heben die Koordinierung mit der Gemeindeverwaltung von La Oliva im Rahmen dieses Plans hervor, die es erm\u00f6glicht hat, dieses und andere Projekte zur Steigerung der touristischen Attraktivit\u00e4t der Gemeinde zu f\u00f6rdern. &#8222;Diese Koordination wurde auf alle Gemeinden \u00fcbertragen, &#8222;mit dem gemeinsamen Ziel, ein nachhaltigeres, koh\u00e4renteres und wettbewerbsf\u00e4higeres Tourismusmodell zu haben&#8220;, so Figueroa. <\/p>\n<p>Dank dieser Koordinierung konnten die Ma\u00dfnahmen des PSTD &#8222;Fuerte por Natturaleza&#8220; ausgeweitet werden, ein mit mehr als 9,1 Millionen Euro ausgestatteter Plan, der durch das EU-Programm &#8222;Next Generation&#8220; im Rahmen des spanischen Plans f\u00fcr Wiederaufbau, Umgestaltung und Resilienz (PRTR) finanziert wird. Im Rahmen der PSTD &#8222;Fuerte por Natturaleza&#8220; wurden bereits wichtige Projekte abgeschlossen, wie die Restaurierung des Torre del Tost\u00f3n in Cotillo, die Sanierung der Promenade in Puerto del Rosario, die Installation von Fotovoltaikd\u00e4chern in den sechs Gemeinden sowie Ma\u00dfnahmen f\u00fcr schattige Bereiche und eine verbesserte M\u00fcllabfuhr an den Str\u00e4nden, um nur einige zu nennen. <\/p>\n<\/div>\n","protected":false},"excerpt":{"rendered":"<p>18. Juli, 2025 Das Projekt ist Teil des Entwicklungsplans f\u00fcr den Fremdenverkehr &#8222;Fuerte por Naturaleza&#8220;, der wichtige Verbesserungen in Bezug auf Zug\u00e4nglichkeit und Nachhaltigkeit vorsieht. Die Inselregierung von Fuerteventura hat [&hellip;]<\/p>\n","protected":false},"author":1,"featured_media":7991,"comment_status":"open","ping_status":"open","sticky":false,"template":"","format":"standard","meta":{"inline_featured_image":false,"jnews-multi-image_gallery":[],"jnews_single_post":[],"jnews_primary_category":[],"jnews_social_meta":[],"jnews_override_counter":[],"jnews_post_split":[],"footnotes":""},"categories":[287],"tags":[216,196,230],"class_list":["post-7994","post","type-post","status-publish","format-standard","has-post-thumbnail","hentry","category-cabildo-de","tag-fuerteventura-de","tag-gemeinden","tag-tourismus"],"jetpack_featured_media_url":"https:\/\/informacionlocal.es\/wp-content\/uploads\/2025\/07\/ca.jpeg","_links":{"self":[{"href":"https:\/\/informacionlocal.es\/de\/wp-json\/wp\/v2\/posts\/7994","targetHints":{"allow":["GET"]}}],"collection":[{"href":"https:\/\/informacionlocal.es\/de\/wp-json\/wp\/v2\/posts"}],"about":[{"href":"https:\/\/informacionlocal.es\/de\/wp-json\/wp\/v2\/types\/post"}],"author":[{"embeddable":true,"href":"https:\/\/informacionlocal.es\/de\/wp-json\/wp\/v2\/users\/1"}],"replies":[{"embeddable":true,"href":"https:\/\/informacionlocal.es\/de\/wp-json\/wp\/v2\/comments?post=7994"}],"version-history":[{"count":0,"href":"https:\/\/informacionlocal.es\/de\/wp-json\/wp\/v2\/posts\/7994\/revisions"}],"wp:featuredmedia":[{"embeddable":true,"href":"https:\/\/informacionlocal.es\/de\/wp-json\/wp\/v2\/media\/7991"}],"wp:attachment":[{"href":"https:\/\/informacionlocal.es\/de\/wp-json\/wp\/v2\/media?parent=7994"}],"wp:term":[{"taxonomy":"category","embeddable":true,"href":"https:\/\/informacionlocal.es\/de\/wp-json\/wp\/v2\/categories?post=7994"},{"taxonomy":"post_tag","embeddable":true,"href":"https:\/\/informacionlocal.es\/de\/wp-json\/wp\/v2\/tags?post=7994"}],"curies":[{"name":"wp","href":"https:\/\/api.w.org\/{rel}","templated":true}]}}