{"id":7970,"date":"2025-07-18T18:58:21","date_gmt":"2025-07-18T17:58:21","guid":{"rendered":"https:\/\/informacionlocal.es\/la-rabiosa-orchesta-diesen-samstag-in-el-castillo\/"},"modified":"2025-07-18T18:58:21","modified_gmt":"2025-07-18T17:58:21","slug":"la-rabiosa-orchesta-diesen-samstag-in-el-castillo","status":"publish","type":"post","link":"https:\/\/informacionlocal.es\/de\/la-rabiosa-orchesta-diesen-samstag-in-el-castillo\/","title":{"rendered":"La Rabiosa Orchesta diesen Samstag in El Castillo"},"content":{"rendered":"<div class=\"elementor-widget-container\">\n<p><strong>La Rabiosa Orchesta diesen Samstag in El Castillo<\/strong><\/p>\n<p><strong>&#8211; Das Sommerprogramm El Castillo es M\u00fasica y Diversi\u00f3n wird am Samstag, den 19. Juli von 17:00 bis 20:00 Uhr auf der Plaza Frasquita neben dem Einkaufszentrum Happy Center fortgesetzt.<\/strong><\/p>\n<p>Das Rathaus von Antigua organisiert in Zusammenarbeit mit dem Cabildo de Fuerteventura die Stra\u00dfen- und Dynamikinitiative El Castillo es m\u00fasica y Diversi\u00f3n.<\/p>\n<p>An diesem Samstag, den 19. Juli von 17:00 bis 20:00 Uhr auf der Plaza Frasquita, neben dem Einkaufszentrum Happy Center, sagt der Stadtrat f\u00fcr Handel, Giuseppe Signorino, werden wir in unserem Spaziergang oder Besuch in der Stadt, die Live-Performance und in der Stra\u00dfe von La Rabiosa Orchesta, mit Spa\u00df und bekannte Rock &amp; Roll-Songs zu finden.<\/p>\n<p>Die Idee ist es, die Menschen auf die Stra\u00dfe zu bringen, zu flanieren und die Fu\u00dfg\u00e4ngerzonen von Caleta de Fuste zu genie\u00dfen, indem man ihnen musikalische \u00dcberraschungen wie diese Live-Performance auf der Stra\u00dfe bietet, sagt Stadtrat Signorino, und sie einl\u00e4dt, die kommerziellen und lokalen Bereiche und die verschiedenen Einrichtungen dieser Stadt kennen zu lernen.<\/p>\n<p>El Castillo erfreut sich eines Sommers voller Veranstaltungen, Kinderfeste, Stra\u00dfenm\u00e4rkte und musikalischer Darbietungen, sagt B\u00fcrgermeister Mat\u00edas Pe\u00f1a, wie die an diesem Samstag, die ein einmaliges Ereignis f\u00fcr Einwohner und Touristen bietet, die die Stadt in diesen Tagen besuchen.<\/p>\n<\/p>\n<\/div>\n","protected":false},"excerpt":{"rendered":"<p><strong>La Rabiosa Orchesta diesen Samstag in El Castillo<\/strong><\/p>\n","protected":false},"author":1,"featured_media":7967,"comment_status":"open","ping_status":"open","sticky":false,"template":"","format":"standard","meta":{"inline_featured_image":false,"jnews-multi-image_gallery":[],"jnews_single_post":[],"jnews_primary_category":[],"jnews_social_meta":[],"jnews_override_counter":[],"jnews_post_split":[],"footnotes":""},"categories":[283],"tags":[303,216],"class_list":["post-7970","post","type-post","status-publish","format-standard","has-post-thumbnail","hentry","category-antigua-de","tag-eventos-de","tag-fuerteventura-de"],"jetpack_featured_media_url":"https:\/\/informacionlocal.es\/wp-content\/uploads\/2025\/07\/castillo-musica-diversioncastillomusica3-1-scaled-1.png","_links":{"self":[{"href":"https:\/\/informacionlocal.es\/de\/wp-json\/wp\/v2\/posts\/7970","targetHints":{"allow":["GET"]}}],"collection":[{"href":"https:\/\/informacionlocal.es\/de\/wp-json\/wp\/v2\/posts"}],"about":[{"href":"https:\/\/informacionlocal.es\/de\/wp-json\/wp\/v2\/types\/post"}],"author":[{"embeddable":true,"href":"https:\/\/informacionlocal.es\/de\/wp-json\/wp\/v2\/users\/1"}],"replies":[{"embeddable":true,"href":"https:\/\/informacionlocal.es\/de\/wp-json\/wp\/v2\/comments?post=7970"}],"version-history":[{"count":0,"href":"https:\/\/informacionlocal.es\/de\/wp-json\/wp\/v2\/posts\/7970\/revisions"}],"wp:featuredmedia":[{"embeddable":true,"href":"https:\/\/informacionlocal.es\/de\/wp-json\/wp\/v2\/media\/7967"}],"wp:attachment":[{"href":"https:\/\/informacionlocal.es\/de\/wp-json\/wp\/v2\/media?parent=7970"}],"wp:term":[{"taxonomy":"category","embeddable":true,"href":"https:\/\/informacionlocal.es\/de\/wp-json\/wp\/v2\/categories?post=7970"},{"taxonomy":"post_tag","embeddable":true,"href":"https:\/\/informacionlocal.es\/de\/wp-json\/wp\/v2\/tags?post=7970"}],"curies":[{"name":"wp","href":"https:\/\/api.w.org\/{rel}","templated":true}]}}