{"id":7958,"date":"2025-07-18T17:59:45","date_gmt":"2025-07-18T16:59:45","guid":{"rendered":"https:\/\/informacionlocal.es\/reime-und-verse-erklingen-beim-20-internationalen-improvisatorentreffen-in-der-altstadt-von-corralejo\/"},"modified":"2025-07-18T17:59:45","modified_gmt":"2025-07-18T16:59:45","slug":"reime-und-verse-erklingen-beim-20-internationalen-improvisatorentreffen-in-der-altstadt-von-corralejo","status":"publish","type":"post","link":"https:\/\/informacionlocal.es\/de\/reime-und-verse-erklingen-beim-20-internationalen-improvisatorentreffen-in-der-altstadt-von-corralejo\/","title":{"rendered":"Reime und Verse erklingen beim 20. Internationalen Improvisatorentreffen in der Altstadt von Corralejo."},"content":{"rendered":"<div class=\"entry-content\"><strong>18. Juli, 2025<\/strong><\/p>\n<p>Das XX. Internationale Improvisationstreffen f\u00fcr die Altstadt von Corralejo findet an diesem Samstag, den 19. Juli, um 12.30 Uhr im Muellito de Corralejo und um 20.00 Uhr in dem an den Pavillon Jos\u00e9 Perdomo Umpierrez angeschlossenen Bereich statt. Diese Veranstaltung findet nun schon zum zwanzigsten Mal statt und wird von herausragenden kanarischen Musikern, S\u00e4ngern und Versek\u00fcnstlern besucht, die von allen Inseln und aus dem Ausland stammen. <\/p>\n<p>Der B\u00fcrgermeister von La Oliva, Isa\u00ed Blanco, sagte: &#8222;Wieder einmal findet diese kulturelle Veranstaltung statt, bei der Improvisation und Reime als Mittel f\u00fcr den Kampf um die Sichtbarkeit der Altstadt von Corralejo und die Gerechtigkeit unserer Stadt dienen&#8220;.<\/p>\n<p>Der Stadtrat f\u00fcr Kultur, Rayco Le\u00f3n, wies darauf hin, dass &#8222;eine Stadt, die vereint ist, in der Lage ist, Schlachten zu gewinnen. Corralejo ist ein klares Beispiel daf\u00fcr, und wir m\u00fcssen es weiter f\u00f6rdern&#8220;. Er bedankte sich auch daf\u00fcr, dass &#8222;die Kultur ausgew\u00e4hlt wurde, um einer Sache Sichtbarkeit und Kraft zu verleihen, die wichtige Schritte zur Verteidigung der Bev\u00f6lkerung von Corralejo unternommen hat und sich im Bereich der Justiz konsolidiert hat&#8220;. <\/p>\n<p>Bei der Pr\u00e4sentation der Veranstaltung waren unter anderem auch die Stadtr\u00e4tin f\u00fcr Festlichkeiten der Stadtverwaltung von La Oliva, Omaira Saavedra, die Stadtr\u00e4tin f\u00fcr Tourismus, Marlene Figueroa, und der Sprecher der PP im Cabildo, Claudio Guti\u00e9rrez, anwesend.<\/p>\n<p>Im Namen des Colectivo de Afectados por el Casco Viejo de Corralejo dankten Gregorio Ben\u00edtez und Miguel Socorro allen Institutionen und Improvisatoren daf\u00fcr, dass sie die Menschen in Corralejo weiterhin in diesem Kampf unterst\u00fctzen. Nicht einmal die Pandemie konnte die Ausgabe 2020 aufhalten, die virtuell stattfand und \u00fcber die Netze die gr\u00f6\u00dfte Beteiligung aller Zeiten zusammenbrachte, da die gleiche Ausgabe viele der Teilnehmer fr\u00fcherer Ausgaben zusammenbrachte. Der Zuspruch des Publikums war bei allen Ausgaben sehr gro\u00df, da diese soziale und gerechte Sache von der Bev\u00f6lkerung Mallorcas unterst\u00fctzt wird, abgesehen von der k\u00fcnstlerischen Qualit\u00e4t aller Ausgaben. Die Veranstaltung diente auch als au\u00dferordentlicher N\u00e4hrboden, auf dem viele der Improvisatoren, die sich als Nachfolger der vorherigen Generationen etablieren, ihre ersten Schritte auf der B\u00fchne machen konnten.   <\/p>\n<p>Die 20. Ausgabe wird eine besondere sein, mit einer breiten Vertretung von Improvisatoren, Musikern und S\u00e4ngern von mehreren Inseln und einer internationalen Delegation von der Insel Kuba und Kolumbien. Die karibischen Stimmen von Ana Marys Gil und Emiliano Sardi\u00f1as, der kolumbianische Troubadour Radioloco und der kubanische Dichter Ra\u00fal Herrera, der bei der ersten Ausgabe dabei war, werden ebenfalls anwesend sein. <\/p>\n<p>Vom Archipel nehmen Domingo Umpi\u00e9rrez El Cuco, Domingo Rodr\u00edguez El Colorao, Jos\u00e9 Mar\u00eda D\u00e1vila, Elena Gonz\u00e1lez, Luis Carballo, Adri\u00e1n Henr\u00edquez, Jos\u00e9 Yeray Rodr\u00edguez, Adriana Medina, Luz Mila Valer\u00f3n, Julia Rodr\u00edguez, Marey Mart\u00edn, Silvestre Ram\u00edrez und Isidro Ram\u00edrez teil.<\/p>\n<p>Diese Veranstaltung wird von der Stiftung Ocho S\u00edlabas und der Betroffenengruppe La Raz\u00f3n de un Pueblo por el Casco Viejo de Corralejo mit Unterst\u00fctzung des Cabildo de Fuerteventura und des Rathauses von La Oliva organisiert.<\/p>\n<\/div>\n","protected":false},"excerpt":{"rendered":"<p>18. Juli, 2025 Das XX. Internationale Improvisationstreffen f\u00fcr die Altstadt von Corralejo findet an diesem Samstag, den 19. Juli, um 12.30 Uhr im Muellito de Corralejo und um 20.00 Uhr [&hellip;]<\/p>\n","protected":false},"author":1,"featured_media":7955,"comment_status":"open","ping_status":"open","sticky":false,"template":"","format":"standard","meta":{"inline_featured_image":false,"jnews-multi-image_gallery":[],"jnews_single_post":[],"jnews_primary_category":[],"jnews_social_meta":[],"jnews_override_counter":[],"jnews_post_split":[],"footnotes":""},"categories":[287],"tags":[216],"class_list":["post-7958","post","type-post","status-publish","format-standard","has-post-thumbnail","hentry","category-cabildo-de","tag-fuerteventura-de"],"jetpack_featured_media_url":"https:\/\/informacionlocal.es\/wp-content\/uploads\/2025\/07\/corralejo.jpeg","_links":{"self":[{"href":"https:\/\/informacionlocal.es\/de\/wp-json\/wp\/v2\/posts\/7958","targetHints":{"allow":["GET"]}}],"collection":[{"href":"https:\/\/informacionlocal.es\/de\/wp-json\/wp\/v2\/posts"}],"about":[{"href":"https:\/\/informacionlocal.es\/de\/wp-json\/wp\/v2\/types\/post"}],"author":[{"embeddable":true,"href":"https:\/\/informacionlocal.es\/de\/wp-json\/wp\/v2\/users\/1"}],"replies":[{"embeddable":true,"href":"https:\/\/informacionlocal.es\/de\/wp-json\/wp\/v2\/comments?post=7958"}],"version-history":[{"count":0,"href":"https:\/\/informacionlocal.es\/de\/wp-json\/wp\/v2\/posts\/7958\/revisions"}],"wp:featuredmedia":[{"embeddable":true,"href":"https:\/\/informacionlocal.es\/de\/wp-json\/wp\/v2\/media\/7955"}],"wp:attachment":[{"href":"https:\/\/informacionlocal.es\/de\/wp-json\/wp\/v2\/media?parent=7958"}],"wp:term":[{"taxonomy":"category","embeddable":true,"href":"https:\/\/informacionlocal.es\/de\/wp-json\/wp\/v2\/categories?post=7958"},{"taxonomy":"post_tag","embeddable":true,"href":"https:\/\/informacionlocal.es\/de\/wp-json\/wp\/v2\/tags?post=7958"}],"curies":[{"name":"wp","href":"https:\/\/api.w.org\/{rel}","templated":true}]}}