{"id":7937,"date":"2025-07-18T15:59:51","date_gmt":"2025-07-18T14:59:51","guid":{"rendered":"https:\/\/informacionlocal.es\/das-cabildo-eroeffnet-die-ausschreibung-fuer-zuschuesse-zur-unterstuetzung-von-projekten-von-kulturunternehmen-und-fachleuten\/"},"modified":"2025-07-18T15:59:51","modified_gmt":"2025-07-18T14:59:51","slug":"das-cabildo-eroeffnet-die-ausschreibung-fuer-zuschuesse-zur-unterstuetzung-von-projekten-von-kulturunternehmen-und-fachleuten","status":"publish","type":"post","link":"https:\/\/informacionlocal.es\/de\/das-cabildo-eroeffnet-die-ausschreibung-fuer-zuschuesse-zur-unterstuetzung-von-projekten-von-kulturunternehmen-und-fachleuten\/","title":{"rendered":"Das Cabildo er\u00f6ffnet die Ausschreibung f\u00fcr Zusch\u00fcsse zur Unterst\u00fctzung von Projekten von Kulturunternehmen und Fachleuten"},"content":{"rendered":"<div class=\"entry-content\"><strong>18. Juli, 2025<\/strong><\/p>\n<p>Das Cabildo de Fuerteventura hat \u00fcber die Abteilung f\u00fcr Kultur unter der Leitung von Rayco Le\u00f3n die Ausschreibung f\u00fcr Zusch\u00fcsse f\u00fcr Kulturunternehmen und Fachleute er\u00f6ffnet. Interessierte haben bis zum 25. Juli Zeit, ihre Antr\u00e4ge einzureichen. Alle Informationen k\u00f6nnen unter https:\/\/www.cabildofuer.es\/cabildo\/atencion-al-ciudadano\/ayudas-becas-y-subvenciones\/cultura\/ abgerufen werden.  <\/p>\n<p>Mit dieser Aufforderung soll die Arbeit von Fachleuten unterst\u00fctzt werden, die auf der Insel kulturelle Aktivit\u00e4ten durchf\u00fchren. Sie k\u00f6nnen Zusch\u00fcsse von bis zu 15 000 Euro erhalten, um kleine und mittelgro\u00dfe Festivals, Konzerte, B\u00fchnen-, Kunst- und Kulturveranstaltungen zu unterst\u00fctzen. Auch audiovisuelle Projekte und Aufnahmen werden gef\u00f6rdert, ebenso wie Konferenzen, Seminare, Workshops, Kurse, Messen, Ausstellungen und andere kreative und literarische Projekte. Die Zusch\u00fcsse sind auch f\u00fcr Projekte bestimmt, die die kulturelle Vielfalt f\u00f6rdern, sowie f\u00fcr andere Aktivit\u00e4ten wie Kulturreisen, Schulungen zu k\u00fcnstlerischen Themen und Projekte in digitalem Format.   <\/p>\n<p>Das Cabildo von Fuerteventura zeigt sein kontinuierliches Engagement f\u00fcr die kulturelle Entwicklung der Insel mit einem Aufruf zur Vergabe von Zusch\u00fcssen, der von den Fachleuten des kulturellen Sektors auf Fuerteventura stark nachgefragt wurde. Der Stadtrat f\u00fcr Kultur, Rayco Le\u00f3n, betonte die Wichtigkeit von Zusch\u00fcssen, &#8222;um die professionelle Produktionsstruktur als Instrument f\u00fcr die kulturelle Entwicklung Fuerteventuras zu unterst\u00fctzen, da dieser Sektor auch einen Einfluss auf die Schaffung von Arbeitspl\u00e4tzen und die wirtschaftliche Aktivit\u00e4t auf der Insel hat&#8220;. <\/p>\n<\/div>\n","protected":false},"excerpt":{"rendered":"<p>18. Juli, 2025 Das Cabildo de Fuerteventura hat \u00fcber die Abteilung f\u00fcr Kultur unter der Leitung von Rayco Le\u00f3n die Ausschreibung f\u00fcr Zusch\u00fcsse f\u00fcr Kulturunternehmen und Fachleute er\u00f6ffnet. Interessierte haben [&hellip;]<\/p>\n","protected":false},"author":1,"featured_media":7931,"comment_status":"open","ping_status":"open","sticky":false,"template":"","format":"standard","meta":{"inline_featured_image":false,"jnews-multi-image_gallery":[],"jnews_single_post":[],"jnews_primary_category":[],"jnews_social_meta":[],"jnews_override_counter":[],"jnews_post_split":[],"footnotes":""},"categories":[287],"tags":[216],"class_list":["post-7937","post","type-post","status-publish","format-standard","has-post-thumbnail","hentry","category-cabildo-de","tag-fuerteventura-de"],"jetpack_featured_media_url":"https:\/\/informacionlocal.es\/wp-content\/uploads\/2025\/07\/fbfb.jpeg","_links":{"self":[{"href":"https:\/\/informacionlocal.es\/de\/wp-json\/wp\/v2\/posts\/7937","targetHints":{"allow":["GET"]}}],"collection":[{"href":"https:\/\/informacionlocal.es\/de\/wp-json\/wp\/v2\/posts"}],"about":[{"href":"https:\/\/informacionlocal.es\/de\/wp-json\/wp\/v2\/types\/post"}],"author":[{"embeddable":true,"href":"https:\/\/informacionlocal.es\/de\/wp-json\/wp\/v2\/users\/1"}],"replies":[{"embeddable":true,"href":"https:\/\/informacionlocal.es\/de\/wp-json\/wp\/v2\/comments?post=7937"}],"version-history":[{"count":0,"href":"https:\/\/informacionlocal.es\/de\/wp-json\/wp\/v2\/posts\/7937\/revisions"}],"wp:featuredmedia":[{"embeddable":true,"href":"https:\/\/informacionlocal.es\/de\/wp-json\/wp\/v2\/media\/7931"}],"wp:attachment":[{"href":"https:\/\/informacionlocal.es\/de\/wp-json\/wp\/v2\/media?parent=7937"}],"wp:term":[{"taxonomy":"category","embeddable":true,"href":"https:\/\/informacionlocal.es\/de\/wp-json\/wp\/v2\/categories?post=7937"},{"taxonomy":"post_tag","embeddable":true,"href":"https:\/\/informacionlocal.es\/de\/wp-json\/wp\/v2\/tags?post=7937"}],"curies":[{"name":"wp","href":"https:\/\/api.w.org\/{rel}","templated":true}]}}