{"id":7924,"date":"2025-07-18T14:59:19","date_gmt":"2025-07-18T13:59:19","guid":{"rendered":"https:\/\/informacionlocal.es\/das-unternehmen-das-die-telefonantenne-installiert-lehnt-die-vom-rathaus-von-antigua-angebotenen-standortalternativen-ab\/"},"modified":"2025-07-18T14:59:19","modified_gmt":"2025-07-18T13:59:19","slug":"das-unternehmen-das-die-telefonantenne-installiert-lehnt-die-vom-rathaus-von-antigua-angebotenen-standortalternativen-ab","status":"publish","type":"post","link":"https:\/\/informacionlocal.es\/de\/das-unternehmen-das-die-telefonantenne-installiert-lehnt-die-vom-rathaus-von-antigua-angebotenen-standortalternativen-ab\/","title":{"rendered":"Das Unternehmen, das die Telefonantenne installiert, lehnt die vom Rathaus von Antigua angebotenen Standortalternativen ab."},"content":{"rendered":"<div class=\"elementor-widget-container\">\n<p><strong>Das Unternehmen, das die Telefonantenne installiert, lehnt die vom Rathaus von Antigua angebotenen Standortalternativen ab.<\/strong><\/p>\n<p><strong>&#8211; Der B\u00fcrgermeister erl\u00e4utert den am st\u00e4rksten betroffenen Einwohnern die von der Stadtverwaltung von Antigua getroffenen Ma\u00dfnahmen.  <\/strong><br \/><strong>&#8211; Der B\u00fcrgermeister und die Stadtr\u00e4te begleiteten die Nachbarn bei der Protestkundgebung, die am Donnerstag in der N\u00e4he des Grundst\u00fccks stattfand, auf dem die Firma, die die Telefonantenne installiert, t\u00e4tig ist.<\/strong><\/p>\n<p>Der B\u00fcrgermeister Mat\u00edas Pe\u00f1a nahm am Donnerstagnachmittag in Begleitung von Stadtr\u00e4ten an einer Kundgebung teil, um gegen die Installation einer Kommunikationsantenne auf der Stra\u00dfe Las Piletas zu protestieren, die nicht weit von den H\u00e4usern von Antigua entfernt ist.<\/p>\n<p>Mat\u00edas Pe\u00f1a erl\u00e4uterte den Nachbarn pers\u00f6nlich und direkt die Gespr\u00e4che, die zwischen der Installationsfirma und dem Rechtsdienst des Rathauses von Antigua stattfanden.<\/p>\n<p>Das Gesetz sch\u00fctzt das Unternehmen, das die Telefonantennen installiert, da die Ma\u00dfnahme als von allgemeinem Interesse eingestuft wird und innerhalb der durch diese staatliche Regelung festgelegten rechtlichen Parameter arbeitet. Diesbez\u00fcglich wies der B\u00fcrgermeister darauf hin, dass es uns aufgrund dieser Treffen gelungen ist, die Installation der Antenne im Zentrum von Antigua zu verhindern, und wir haben alternative Standorte angeboten, die angesichts des privaten Angebots an diesem Standort abgelehnt wurden. <\/p>\n<p>Der Stadtrat von Antigua sowie die Nachbarn lehnen die Installation einer Repeater-Antenne als Garantie f\u00fcr das Telefonsignal nicht ab, aber wir sind gegen den gew\u00e4hlten Standort in der N\u00e4he der H\u00e4user.<\/p>\n<p>Wir werden weiterhin mit den verantwortlichen Installateuren zusammentreffen, auf alternativen Standorten bestehen und versuchen, das zu verhindern, was wir als eine Zumutung f\u00fcr die B\u00fcrger von Antigua betrachten, schlie\u00dft B\u00fcrgermeister Mat\u00edas Pe\u00f1a.<\/p>\n<\/div>\n","protected":false},"excerpt":{"rendered":"<p><strong>Das Unternehmen, das die Telefonantenne installiert, lehnt die vom Rathaus von Antigua angebotenen Standortalternativen ab.<\/strong><\/p>\n","protected":false},"author":1,"featured_media":7919,"comment_status":"open","ping_status":"open","sticky":false,"template":"","format":"standard","meta":{"inline_featured_image":false,"jnews-multi-image_gallery":[],"jnews_single_post":[],"jnews_primary_category":[],"jnews_social_meta":[],"jnews_override_counter":[],"jnews_post_split":[],"footnotes":""},"categories":[283],"tags":[],"class_list":["post-7924","post","type-post","status-publish","format-standard","has-post-thumbnail","hentry","category-antigua-de"],"jetpack_featured_media_url":"https:\/\/informacionlocal.es\/wp-content\/uploads\/2025\/07\/antigua-rechaza-el-emplazamiento-de-la-antena-de-telefonia-2-scaled-1.jpg","_links":{"self":[{"href":"https:\/\/informacionlocal.es\/de\/wp-json\/wp\/v2\/posts\/7924","targetHints":{"allow":["GET"]}}],"collection":[{"href":"https:\/\/informacionlocal.es\/de\/wp-json\/wp\/v2\/posts"}],"about":[{"href":"https:\/\/informacionlocal.es\/de\/wp-json\/wp\/v2\/types\/post"}],"author":[{"embeddable":true,"href":"https:\/\/informacionlocal.es\/de\/wp-json\/wp\/v2\/users\/1"}],"replies":[{"embeddable":true,"href":"https:\/\/informacionlocal.es\/de\/wp-json\/wp\/v2\/comments?post=7924"}],"version-history":[{"count":0,"href":"https:\/\/informacionlocal.es\/de\/wp-json\/wp\/v2\/posts\/7924\/revisions"}],"wp:featuredmedia":[{"embeddable":true,"href":"https:\/\/informacionlocal.es\/de\/wp-json\/wp\/v2\/media\/7919"}],"wp:attachment":[{"href":"https:\/\/informacionlocal.es\/de\/wp-json\/wp\/v2\/media?parent=7924"}],"wp:term":[{"taxonomy":"category","embeddable":true,"href":"https:\/\/informacionlocal.es\/de\/wp-json\/wp\/v2\/categories?post=7924"},{"taxonomy":"post_tag","embeddable":true,"href":"https:\/\/informacionlocal.es\/de\/wp-json\/wp\/v2\/tags?post=7924"}],"curies":[{"name":"wp","href":"https:\/\/api.w.org\/{rel}","templated":true}]}}