{"id":7898,"date":"2025-07-18T12:00:08","date_gmt":"2025-07-18T11:00:08","guid":{"rendered":"https:\/\/informacionlocal.es\/pajara-vergibt-den-auftrag-fuer-die-groesste-mittelzuweisung-der-letzten-20-jahre\/"},"modified":"2025-07-18T12:00:08","modified_gmt":"2025-07-18T11:00:08","slug":"pajara-vergibt-den-auftrag-fuer-die-groesste-mittelzuweisung-der-letzten-20-jahre","status":"publish","type":"post","link":"https:\/\/informacionlocal.es\/de\/pajara-vergibt-den-auftrag-fuer-die-groesste-mittelzuweisung-der-letzten-20-jahre\/","title":{"rendered":"P\u00e1jara vergibt den Auftrag f\u00fcr die gr\u00f6\u00dfte Mittelzuweisung der letzten 20 Jahre"},"content":{"rendered":"<div class=\"entry-content\">\n<p><b><i>Die Stadtverwaltung wird den Tagororor-Park und den Parque de los Ganaderos umgestalten und ein integriertes Zentrum mit einem Auditorium f\u00fcr 400 Zuschauer und 196 Parkpl\u00e4tzen bauen.  <\/i><\/b><\/p>\n<p><b><i>Das Projekt mit einem Investitionsvolumen von mehr als 15 Millionen Euro wird vom Cabildo von Fuerteventura finanziert.  <\/i><\/b><\/p>\n<p><span>Die Vollversammlung des Stadtrats von P\u00e1jara hat auf Vorschlag der von der Sozialistischen Partei und der Coalici\u00f3n Canaria gebildeten Stadtregierung einstimmig das Werk mit der h\u00f6chsten finanziellen Ausstattung der letzten zwanzig Jahre gebilligt. Die Initiative wurde auch von den Oppositionsfraktionen unterst\u00fctzt.   <\/span><\/p>\n<p><span>Die Arbeiten wurden an die Unternehmen Tecnolog\u00eda de la Construcci\u00f3n y Obras P\u00fablicas (TECOPSA) und Obras P\u00fablicas Canarias (OPC) f\u00fcr einen Betrag von mehr als 15 Millionen Euro vergeben und werden vom Cabildo de Fuerteventura f\u00fcr 7 Millionen Euro finanziert.  <\/span><\/p>\n<p><span>Der erste stellvertretende B\u00fcrgermeister und Stadtrat f\u00fcr Bauwesen, Alexis Alonso, wertet diese Auszeichnung als &#8222;einen Meilenstein in der Planung und Ausf\u00fchrung der \u00f6ffentlichen Infrastrukturen in unserer Gemeinde&#8220;. &#8222;Wir sprechen von einer ganzheitlichen Umgestaltung des Tagoror-Parks und des Los Ganaderos-Parks, die den Bau eines integrierten Zentrums f\u00fcr \u00f6ffentliche Dienstleistungen umfasst, das eine Bibliothek, andere multifunktionale R\u00e4ume f\u00fcr die Ausbildung, eine Cafeteria, einen Kiosk und eine moderne Versammlungshalle mit einer Kapazit\u00e4t von 400 Zuschauern beherbergen wird. &#8222;Er unterstreicht.   <\/span><\/p>\n<p><span>Es wird auch Gr\u00fcnfl\u00e4chen, Freizeiteinrichtungen im Freien und eine Tiefgarage mit 196 Stellpl\u00e4tzen umfassen, was die st\u00e4dtische Infrastruktur des Gebiets erheblich verbessern wird&#8220;.  <\/span><\/p>\n<p><span>Der B\u00fcrgermeister von P\u00e1jara, Alejandro Jorge, dr\u00fcckte seinerseits seine Zufriedenheit \u00fcber den Fortschritt eines lang erwarteten Projekts aus, das &#8222;nicht nur eine Forderung der Einwohner von Morro Jable, sondern auch der gesamten Gemeinde&#8220; darstellt. &#8222;Eine Aula wird es uns erm\u00f6glichen, kulturelle Veranstaltungen in der Gemeinde selbst zu entwickeln, so dass unsere Nachbarn nicht mehr au\u00dferhalb von P\u00e1jara reisen m\u00fcssen, um diese Art von Aktivit\u00e4ten zu genie\u00dfen&#8220;, f\u00fcgt er hinzu.   <\/span><\/p>\n<p><span>Der B\u00fcrgermeister weist auch darauf hin, dass &#8222;die Regierungsgruppe mit diesen Ma\u00dfnahmen die zu Beginn dieser Amtszeit eingegangenen Verpflichtungen weiter erf\u00fcllt, einschlie\u00dflich der Verbesserung der Infrastrukturen und Dienstleistungen in allen Ortschaften der Gemeinde&#8220;.  <\/span><\/p>\n<p><span>Dieses ehrgeizige Projekt markiert ein Vorher und Nachher der \u00f6ffentlichen Investitionen in P\u00e1jara und festigt das Engagement f\u00fcr eine ausgewogene Entwicklung, Kultur, Freizeit und die Verbesserung der Dienstleistungen f\u00fcr alle Einwohner.  <\/span><\/p>\n<\/p>\n<\/div>\n","protected":false},"excerpt":{"rendered":"<p><i>Die Stadtverwaltung wird den Tagororor-Park und den Parque de los Ganaderos umgestalten und ein integriertes Zentrum mit einem Auditorium f\u00fcr 400 Zuschauer und 196 Parkpl\u00e4tzen bauen.  <\/i><\/p>\n","protected":false},"author":1,"featured_media":7895,"comment_status":"open","ping_status":"open","sticky":false,"template":"","format":"standard","meta":{"inline_featured_image":false,"jnews-multi-image_gallery":[],"jnews_single_post":[],"jnews_primary_category":[],"jnews_social_meta":[],"jnews_override_counter":[],"jnews_post_split":[],"footnotes":""},"categories":[297],"tags":[216],"class_list":["post-7898","post","type-post","status-publish","format-standard","has-post-thumbnail","hentry","category-pajara-de","tag-fuerteventura-de"],"jetpack_featured_media_url":"https:\/\/informacionlocal.es\/wp-content\/uploads\/2025\/07\/parque-tagoror-y-parque-de-los-ganaderos-e1752825716977.png","_links":{"self":[{"href":"https:\/\/informacionlocal.es\/de\/wp-json\/wp\/v2\/posts\/7898","targetHints":{"allow":["GET"]}}],"collection":[{"href":"https:\/\/informacionlocal.es\/de\/wp-json\/wp\/v2\/posts"}],"about":[{"href":"https:\/\/informacionlocal.es\/de\/wp-json\/wp\/v2\/types\/post"}],"author":[{"embeddable":true,"href":"https:\/\/informacionlocal.es\/de\/wp-json\/wp\/v2\/users\/1"}],"replies":[{"embeddable":true,"href":"https:\/\/informacionlocal.es\/de\/wp-json\/wp\/v2\/comments?post=7898"}],"version-history":[{"count":0,"href":"https:\/\/informacionlocal.es\/de\/wp-json\/wp\/v2\/posts\/7898\/revisions"}],"wp:featuredmedia":[{"embeddable":true,"href":"https:\/\/informacionlocal.es\/de\/wp-json\/wp\/v2\/media\/7895"}],"wp:attachment":[{"href":"https:\/\/informacionlocal.es\/de\/wp-json\/wp\/v2\/media?parent=7898"}],"wp:term":[{"taxonomy":"category","embeddable":true,"href":"https:\/\/informacionlocal.es\/de\/wp-json\/wp\/v2\/categories?post=7898"},{"taxonomy":"post_tag","embeddable":true,"href":"https:\/\/informacionlocal.es\/de\/wp-json\/wp\/v2\/tags?post=7898"}],"curies":[{"name":"wp","href":"https:\/\/api.w.org\/{rel}","templated":true}]}}