{"id":7886,"date":"2025-07-18T00:02:53","date_gmt":"2025-07-17T23:02:53","guid":{"rendered":"https:\/\/informacionlocal.es\/das-rathaus-unterstuetzt-die-forderung-der-anwohner-gegen-den-gewaehlten-standort-fuer-die-installation-einer-kommunikationsantenne-in-antigua\/"},"modified":"2025-07-18T00:02:53","modified_gmt":"2025-07-17T23:02:53","slug":"das-rathaus-unterstuetzt-die-forderung-der-anwohner-gegen-den-gewaehlten-standort-fuer-die-installation-einer-kommunikationsantenne-in-antigua","status":"publish","type":"post","link":"https:\/\/informacionlocal.es\/de\/das-rathaus-unterstuetzt-die-forderung-der-anwohner-gegen-den-gewaehlten-standort-fuer-die-installation-einer-kommunikationsantenne-in-antigua\/","title":{"rendered":"Das Rathaus unterst\u00fctzt die Forderung der Anwohner gegen den gew\u00e4hlten Standort f\u00fcr die Installation einer Kommunikationsantenne in Antigua."},"content":{"rendered":"<div class=\"elementor-widget-container\">\n<p><strong>Das Rathaus unterst\u00fctzt die Forderung der Anwohner gegen den gew\u00e4hlten Standort f\u00fcr die Installation einer Kommunikationsantenne in Antigua.<\/strong><\/p>\n<p><strong>Das Problem ist nicht die Installation einer Kommunikationsantenne, sondern der daf\u00fcr gew\u00e4hlte Standort.<\/strong><\/p>\n<p><strong>&#8211; Die Stadtverwaltung von Antigua hat dem Medienunternehmen alternative Grundst\u00fccke und andere Standorte abseits der H\u00e4user angeboten.<\/strong><br \/><strong>&#8211; Wir haben uns mit dem Unternehmen und dem Rechtsdienst der Gemeinde getroffen, sagt B\u00fcrgermeister Mat\u00edas Pe\u00f1a Garc\u00eda, mit dem Ziel, eine einvernehmliche und nicht auferlegte L\u00f6sung zu finden.<\/strong><\/p>\n<p>Das Rathaus von Antigua unterst\u00fctzt die Forderung der Nachbarschaft gegen den vom Kommunikationsunternehmen gew\u00e4hlten Standort f\u00fcr die Installation einer Repeater-Antenne am Camino de Las Piletas in Antigua, nur wenige Meter von H\u00e4usern, Familien und Hunderten von Anwohnern entfernt, so der B\u00fcrgermeister Mat\u00edas Pe\u00f1a Garc\u00eda.<\/p>\n<p>Zusammen mit dem Sekretariat und dem Rechtsdienst des Rathauses von Antigua haben wir mehrere Treffen abgehalten, auch mit dem Unternehmen, das die Kommunikationsantenne installiert, und die Einstellung dieser Aktion in der N\u00e4he der H\u00e4user gefordert und andere Standorte f\u00fcr die Installation vorgeschlagen.<\/p>\n<p>Das Unternehmen, das die Kommunikationsantenne installiert, hat den Vorschlag des Rathauses von Antigua abgelehnt, die Forderung der Nachbarschaft ignoriert und sich auf den rechtlichen Rahmen berufen, in dem die Ma\u00dfnahme als von allgemeinem Interesse angesehen wird, wobei die festgelegten rechtlichen Parameter eingehalten werden.<\/p>\n<p>Wir lehnen die Installation dieser Anlage an einem Standort ab, dessen Ablehnung sowohl von den Nachbarn als auch vom Rathaus von Antigua selbst gegen\u00fcber dem Kommunikationsunternehmen zum Ausdruck gebracht wurde&#8220;, so der B\u00fcrgermeister, &#8222;zumal uns alternative M\u00f6glichkeiten angeboten wurden.<\/p>\n<p>Obwohl der gesetzliche Rahmen das Installationsunternehmen unterst\u00fctzt, wird das Rathaus von Antigua eine Haltung des Dialogs beibehalten, um eine Einigung zu erzielen, da ein Standort nicht aufgezwungen werden darf, sondern die angebotenen Alternativen ber\u00fccksichtigt werden m\u00fcssen, schlie\u00dft Mat\u00edas Pe\u00f1a.<\/p>\n<\/p>\n<\/div>\n","protected":false},"excerpt":{"rendered":"<p><strong>Das Rathaus unterst\u00fctzt die Forderung der Anwohner gegen den gew\u00e4hlten Standort f\u00fcr die Installation einer Kommunikationsantenne in Antigua.<\/strong><\/p>\n","protected":false},"author":1,"featured_media":7883,"comment_status":"open","ping_status":"open","sticky":false,"template":"","format":"standard","meta":{"inline_featured_image":false,"jnews-multi-image_gallery":[],"jnews_single_post":[],"jnews_primary_category":[],"jnews_social_meta":[],"jnews_override_counter":[],"jnews_post_split":[],"footnotes":""},"categories":[283],"tags":[],"class_list":["post-7886","post","type-post","status-publish","format-standard","has-post-thumbnail","hentry","category-antigua-de"],"jetpack_featured_media_url":"https:\/\/informacionlocal.es\/wp-content\/uploads\/2025\/07\/alcalde-de-antigua-matias-pena-scaled-1.jpg","_links":{"self":[{"href":"https:\/\/informacionlocal.es\/de\/wp-json\/wp\/v2\/posts\/7886","targetHints":{"allow":["GET"]}}],"collection":[{"href":"https:\/\/informacionlocal.es\/de\/wp-json\/wp\/v2\/posts"}],"about":[{"href":"https:\/\/informacionlocal.es\/de\/wp-json\/wp\/v2\/types\/post"}],"author":[{"embeddable":true,"href":"https:\/\/informacionlocal.es\/de\/wp-json\/wp\/v2\/users\/1"}],"replies":[{"embeddable":true,"href":"https:\/\/informacionlocal.es\/de\/wp-json\/wp\/v2\/comments?post=7886"}],"version-history":[{"count":0,"href":"https:\/\/informacionlocal.es\/de\/wp-json\/wp\/v2\/posts\/7886\/revisions"}],"wp:featuredmedia":[{"embeddable":true,"href":"https:\/\/informacionlocal.es\/de\/wp-json\/wp\/v2\/media\/7883"}],"wp:attachment":[{"href":"https:\/\/informacionlocal.es\/de\/wp-json\/wp\/v2\/media?parent=7886"}],"wp:term":[{"taxonomy":"category","embeddable":true,"href":"https:\/\/informacionlocal.es\/de\/wp-json\/wp\/v2\/categories?post=7886"},{"taxonomy":"post_tag","embeddable":true,"href":"https:\/\/informacionlocal.es\/de\/wp-json\/wp\/v2\/tags?post=7886"}],"curies":[{"name":"wp","href":"https:\/\/api.w.org\/{rel}","templated":true}]}}