{"id":7838,"date":"2025-07-17T19:59:04","date_gmt":"2025-07-17T18:59:04","guid":{"rendered":"https:\/\/informacionlocal.es\/sommerlicher-familientag-von-empronor-belebt-diesen-samstag-die-einkaufszone-von-corralejo\/"},"modified":"2025-07-17T19:59:04","modified_gmt":"2025-07-17T18:59:04","slug":"sommerlicher-familientag-von-empronor-belebt-diesen-samstag-die-einkaufszone-von-corralejo","status":"publish","type":"post","link":"https:\/\/informacionlocal.es\/de\/sommerlicher-familientag-von-empronor-belebt-diesen-samstag-die-einkaufszone-von-corralejo\/","title":{"rendered":"Sommerlicher Familientag von Empronor&#8220; belebt diesen Samstag die Einkaufszone von Corralejo"},"content":{"rendered":"<div class=\"entry-content\"><strong>17 Juli, 2025<\/strong><\/p>\n<p><em><strong>Das Cabildo de Fuerteventura und Empronor stellen die Kampagnen zur F\u00f6rderung des lokalen Handels in der Gemeinde La Oliva vor, begleitet vom Rathaus.<\/strong><\/em><\/p>\n<p>Das Cabildo von Fuerteventura und der Handels- und Gewerbeverband des Nordens (Empronor) haben heute, am 17. Juli, die Aktivit\u00e4ten der Kampagne zur Wiederbelebung des Handels &#8222;Empronor, Ihr lokaler Handel&#8220; vorgestellt, die vollst\u00e4ndig von der Handelsabteilung der Inselgesellschaft finanziert wird. Dank dieser gemeinsamen Arbeit werden die kommerziellen Aktionen &#8218;Summer Family Day by Empronor&#8216; und &#8218;Halloween Come and have a frightening time&#8216; in Zusammenarbeit mit dem Rathaus von La Oliva gestartet. <\/p>\n<p>Die Aktivit\u00e4t &#8218;Summer Family Day By Empronor&#8216; findet diesen Samstag, den 19. Juli, in der Fu\u00dfg\u00e4ngerzone und dem Gesch\u00e4ftsviertel der Avenida Nuestra Se\u00f1ora del Carmen statt. Von 11.00 bis 14.00 Uhr und von 17.00 bis 21.00 Uhr werden Familienaktivit\u00e4ten mit Workshops, aufblasbaren Matten und einer 360\u00b0-Plattform angeboten. <\/p>\n<p>Dar\u00fcber hinaus hat Empronor angek\u00fcndigt, dass nach dem Erfolg der vorherigen Ausgaben am 31. Oktober wieder Halloween-Aktivit\u00e4ten stattfinden werden. Unter dem Titel &#8222;Halloween Come and Have a Scary Time&#8220; wird es Auff\u00fchrungen, Kost\u00fcmwettbewerbe, Schaufensterdekorationen und gruselige Passagen geben, neben anderen Aktivit\u00e4ten, die das Einkaufsviertel von Corralejo beleben werden. <\/p>\n<p>Die Pr\u00e4sidentin des Inselrates von Fuerteventura, Lola Garc\u00eda, hob das Engagement der Inselgesellschaft f\u00fcr die F\u00f6rderung des lokalen Handels hervor, &#8222;der die Lebensgrundlage vieler Familien und die Basis der wirtschaftlichen Aktivit\u00e4t Fuerteventuras ist&#8220;.<\/p>\n<p>In diesem Zusammenhang hob Lolina Negr\u00edn, Inselr\u00e4tin f\u00fcr Handel, die Unterst\u00fctzung des Cabildo f\u00fcr die von den verschiedenen Verb\u00e4nden gef\u00f6rderten Aktionen zur lokalen Handelsf\u00f6rderung hervor, &#8222;mit dem gemeinsamen Ziel, die offenen Handelszonen zu st\u00e4rken&#8220;.<\/p>\n<p>Der B\u00fcrgermeister von La Oliva, Isa\u00ed Blanco, und die Stadtr\u00e4tin f\u00fcr Handel, Alexandra Mart\u00edn, luden f\u00fcr diesen Samstag zu einem Familientag in Corralejo ein, um den lokalen Handel in der Gemeinde zu f\u00f6rdern.<\/p>\n<p>Stefan Schr\u00f6der, Pr\u00e4sident von EMPRONOR, dankte dem Cabildo f\u00fcr die finanzielle Unterst\u00fctzung bei der Entwicklung der Kampagnen zur F\u00f6rderung des lokalen Handels und &#8222;hofft, dass die Teilnehmer Corralejo und sein offenes Gewerbegebiet genie\u00dfen k\u00f6nnen&#8220;.<\/p>\n<\/div>\n","protected":false},"excerpt":{"rendered":"<p>17 Juli, 2025 Das Cabildo de Fuerteventura und Empronor stellen die Kampagnen zur F\u00f6rderung des lokalen Handels in der Gemeinde La Oliva vor, begleitet vom Rathaus. Das Cabildo von Fuerteventura [&hellip;]<\/p>\n","protected":false},"author":1,"featured_media":7835,"comment_status":"open","ping_status":"open","sticky":false,"template":"","format":"standard","meta":{"inline_featured_image":false,"jnews-multi-image_gallery":[],"jnews_single_post":[],"jnews_primary_category":[],"jnews_social_meta":[],"jnews_override_counter":[],"jnews_post_split":[],"footnotes":""},"categories":[287],"tags":[216],"class_list":["post-7838","post","type-post","status-publish","format-standard","has-post-thumbnail","hentry","category-cabildo-de","tag-fuerteventura-de"],"jetpack_featured_media_url":"https:\/\/informacionlocal.es\/wp-content\/uploads\/2025\/07\/eee-8.jpeg","_links":{"self":[{"href":"https:\/\/informacionlocal.es\/de\/wp-json\/wp\/v2\/posts\/7838","targetHints":{"allow":["GET"]}}],"collection":[{"href":"https:\/\/informacionlocal.es\/de\/wp-json\/wp\/v2\/posts"}],"about":[{"href":"https:\/\/informacionlocal.es\/de\/wp-json\/wp\/v2\/types\/post"}],"author":[{"embeddable":true,"href":"https:\/\/informacionlocal.es\/de\/wp-json\/wp\/v2\/users\/1"}],"replies":[{"embeddable":true,"href":"https:\/\/informacionlocal.es\/de\/wp-json\/wp\/v2\/comments?post=7838"}],"version-history":[{"count":0,"href":"https:\/\/informacionlocal.es\/de\/wp-json\/wp\/v2\/posts\/7838\/revisions"}],"wp:featuredmedia":[{"embeddable":true,"href":"https:\/\/informacionlocal.es\/de\/wp-json\/wp\/v2\/media\/7835"}],"wp:attachment":[{"href":"https:\/\/informacionlocal.es\/de\/wp-json\/wp\/v2\/media?parent=7838"}],"wp:term":[{"taxonomy":"category","embeddable":true,"href":"https:\/\/informacionlocal.es\/de\/wp-json\/wp\/v2\/categories?post=7838"},{"taxonomy":"post_tag","embeddable":true,"href":"https:\/\/informacionlocal.es\/de\/wp-json\/wp\/v2\/tags?post=7838"}],"curies":[{"name":"wp","href":"https:\/\/api.w.org\/{rel}","templated":true}]}}