{"id":7791,"date":"2025-07-17T16:03:20","date_gmt":"2025-07-17T15:03:20","guid":{"rendered":"https:\/\/informacionlocal.es\/kooperationsvereinbarung-zwischen-der-stadtverwaltung-von-puerto-del-rosario-und-der-vereinigung-gegen-metastasierenden-brustkrebs-fuerteventura\/"},"modified":"2025-07-17T16:03:20","modified_gmt":"2025-07-17T15:03:20","slug":"kooperationsvereinbarung-zwischen-der-stadtverwaltung-von-puerto-del-rosario-und-der-vereinigung-gegen-metastasierenden-brustkrebs-fuerteventura","status":"publish","type":"post","link":"https:\/\/informacionlocal.es\/de\/kooperationsvereinbarung-zwischen-der-stadtverwaltung-von-puerto-del-rosario-und-der-vereinigung-gegen-metastasierenden-brustkrebs-fuerteventura\/","title":{"rendered":"Kooperationsvereinbarung zwischen der Stadtverwaltung von Puerto del Rosario und der Vereinigung gegen metastasierenden Brustkrebs Fuerteventura."},"content":{"rendered":"<div class=\"entry-content\">\n<p>Am Donnerstagmorgen, den 17. Juli, trafen sich B\u00fcrgermeister <strong>David De Vera, <\/strong>die Stadtr\u00e4tin f\u00fcr \u00f6ffentliche Gesundheit,<strong> Rosa Rodr\u00edguez<\/strong>, und <strong>Ana Bel\u00e9n P\u00e9rez<\/strong>, Pr\u00e4sidentin des <strong>Vereins f\u00fcr metastasierten Brustkrebs auf Fuerteventura<\/strong>, im Gemeindeamt, um eine Vereinbarung zu unterzeichnen, die die Gew\u00e4hrung eines nominativen Zuschusses zur Unterst\u00fctzung der von dem Verein entwickelten Ma\u00dfnahmen im Bereich der Betreuung und Pflege von Menschen mit Krebs in H\u00f6he von insgesamt <strong>f\u00fcnfzehntausend Euro (15.000,00 \u20ac)<\/strong> regeln soll,<\/p>\n<p>Zu den geplanten Ma\u00dfnahmen geh\u00f6ren:<\/p>\n<ul>\n<li>Personalisierter onkologischer Per\u00fcckenservice.<\/li>\n<li>Betreuung von Freiwilligen.<\/li>\n<li>Unterst\u00fctzung f\u00fcr Patienten bei Reise- und Aufenthaltskosten.<\/li>\n<li>Eingliederung eines Sozialp\u00e4dagogen.<\/li>\n<li>Organisation von Veranstaltungen zur Sensibilisierung und Sichtbarkeit.<\/li>\n<\/ul>\n<p>B\u00fcrgermeister <strong>David de Vera<\/strong> erkl\u00e4rte, dass &#8222;die Stadtverwaltung Organisationen unterst\u00fctzt und mit ihnen zusammenarbeitet, die krebskranke Menschen und ihre Familien umfassend betreuen, insbesondere diejenigen, die sich in einer schwierigen Situation befinden, da sie wichtige soziale Arbeit leisten&#8220;.<\/p>\n<p>Die Stadtr\u00e4tin f\u00fcr \u00f6ffentliche Gesundheit, <strong>Rosa Rodr\u00edguez,<\/strong> dankte dem Verein ebenfalls f\u00fcr seine Arbeit und best\u00e4tigte, dass &#8222;der Stadtrat in seinem Haushalt 2025 einen nominellen Zuschuss f\u00fcr diesen Verein vorgesehen hat, damit er die Kosten f\u00fcr seine Aktivit\u00e4ten decken kann&#8220;.<\/p>\n<p>Die Pr\u00e4sidentin der Vereinigung gegen metastasierenden Brustkrebs auf Fuerteventura, <strong>Ana Bel\u00e9n P\u00e9rez<\/strong>, f\u00fcgte hinzu, dass es sich um eine gemeinn\u00fctzige Organisation handelt, die emotionale, soziale und gesundheitliche Aktivit\u00e4ten f\u00fcr von Krebs betroffene Menschen und ihre Familien entwickelt&#8220;, und dankte der Stadtverwaltung f\u00fcr ihre Zusammenarbeit bei den von ihr entwickelten Aktivit\u00e4ten.<\/p>\n<\/div>\n","protected":false},"excerpt":{"rendered":"<p>Am Donnerstagmorgen, den 17. Juli, trafen sich B\u00fcrgermeister David De Vera, die Stadtr\u00e4tin f\u00fcr \u00f6ffentliche Gesundheit, Rosa Rodr\u00edguez, und Ana Bel\u00e9n P\u00e9rez, Pr\u00e4sidentin des Vereins f\u00fcr metastasierten Brustkrebs auf Fuerteventura, [&hellip;]<\/p>\n","protected":false},"author":1,"featured_media":7787,"comment_status":"open","ping_status":"open","sticky":false,"template":"","format":"standard","meta":{"inline_featured_image":false,"jnews-multi-image_gallery":[],"jnews_single_post":[],"jnews_primary_category":[],"jnews_social_meta":[],"jnews_override_counter":[],"jnews_post_split":[],"footnotes":""},"categories":[293],"tags":[303,216],"class_list":["post-7791","post","type-post","status-publish","format-standard","has-post-thumbnail","hentry","category-puerto-del-rosario-de","tag-eventos-de","tag-fuerteventura-de"],"jetpack_featured_media_url":"https:\/\/informacionlocal.es\/wp-content\/uploads\/2025\/07\/convenio-44-cancer-de-pie-170725.jpg","_links":{"self":[{"href":"https:\/\/informacionlocal.es\/de\/wp-json\/wp\/v2\/posts\/7791","targetHints":{"allow":["GET"]}}],"collection":[{"href":"https:\/\/informacionlocal.es\/de\/wp-json\/wp\/v2\/posts"}],"about":[{"href":"https:\/\/informacionlocal.es\/de\/wp-json\/wp\/v2\/types\/post"}],"author":[{"embeddable":true,"href":"https:\/\/informacionlocal.es\/de\/wp-json\/wp\/v2\/users\/1"}],"replies":[{"embeddable":true,"href":"https:\/\/informacionlocal.es\/de\/wp-json\/wp\/v2\/comments?post=7791"}],"version-history":[{"count":0,"href":"https:\/\/informacionlocal.es\/de\/wp-json\/wp\/v2\/posts\/7791\/revisions"}],"wp:featuredmedia":[{"embeddable":true,"href":"https:\/\/informacionlocal.es\/de\/wp-json\/wp\/v2\/media\/7787"}],"wp:attachment":[{"href":"https:\/\/informacionlocal.es\/de\/wp-json\/wp\/v2\/media?parent=7791"}],"wp:term":[{"taxonomy":"category","embeddable":true,"href":"https:\/\/informacionlocal.es\/de\/wp-json\/wp\/v2\/categories?post=7791"},{"taxonomy":"post_tag","embeddable":true,"href":"https:\/\/informacionlocal.es\/de\/wp-json\/wp\/v2\/tags?post=7791"}],"curies":[{"name":"wp","href":"https:\/\/api.w.org\/{rel}","templated":true}]}}