{"id":7755,"date":"2025-07-16T19:58:51","date_gmt":"2025-07-16T18:58:51","guid":{"rendered":"https:\/\/informacionlocal.es\/fuerteventura-begruesst-das-jugendorchester-der-kanarischen-inseln-mit-seinem-karneval-der-tiere\/"},"modified":"2025-07-16T19:58:51","modified_gmt":"2025-07-16T18:58:51","slug":"fuerteventura-begruesst-das-jugendorchester-der-kanarischen-inseln-mit-seinem-karneval-der-tiere","status":"publish","type":"post","link":"https:\/\/informacionlocal.es\/de\/fuerteventura-begruesst-das-jugendorchester-der-kanarischen-inseln-mit-seinem-karneval-der-tiere\/","title":{"rendered":"Fuerteventura begr\u00fc\u00dft das Jugendorchester der Kanarischen Inseln mit seinem &#8222;Karneval der Tiere&#8220;."},"content":{"rendered":"<div class=\"entry-content\"><strong>16. Juli, 2025<\/strong><\/p>\n<p><strong>Das Konzert findet am Freitag, den 25. Juli um 20 Uhr im Palacio de Formaci\u00f3n y Congresos statt.<\/strong><\/p>\n<p><strong>Fuerteventura begr\u00fc\u00dft das Joven Orquesta de Canarias mit seinem &#8218;Carnaval de los animales&#8216;.<\/strong><\/p>\n<p><strong>Das Orchester pr\u00e4sentiert sich im Kammerformat unter der Leitung von V\u00edctor Pablo P\u00e9rez und mit dem Musiker und Komiker V\u00edctor Lemes als Erz\u00e4hler.<\/strong><\/p>\n<p><strong>Auf der B\u00fchne werden Geb\u00e4rdensprachdolmetscher anwesend sein, und f\u00fcr H\u00f6rgesch\u00e4digte gibt es kostenlos spezielle Ger\u00e4te.<\/strong><\/p>\n<p>Das <strong>Jugendorchester der Kanarischen Inseln<\/strong> (JOCAN) wird das ber\u00fchmte Werk<strong>&#8222;Der Karneval der Tiere&#8220;<\/strong> von Camille Saint Sa\u00ebns <strong>auf Fuerteventura<\/strong> auff\u00fchren, wo das Publikum auch die Inselversion mit dem Titel<strong>&#8222;Der Karneval der kanarischen Tiere&#8220;<\/strong> h\u00f6ren kann<strong>.<\/strong> Die Veranstaltung findet am <strong>25. Juli um 20.00 Uhr im Palacio de Formaci\u00f3n y Congresos<\/strong> statt, in einem Kammerkonzert unter der Leitung von <strong>V\u00edctor Pablo P\u00e9rez<\/strong> und mit einem am\u00fcsanten Drehbuch und einer Erz\u00e4hlung des Musikers und Komikers <strong>V\u00edctor Lemes<\/strong>. Eintrittskarten sind unter <strong>ecoentradas.com<\/strong> erh\u00e4ltlich. <\/p>\n<p>Es ist Teil einer Tournee zu mehreren Inseln des Archipels, bei der auch ein <strong>spezielles kostenloses Ger\u00e4t f\u00fcr H\u00f6rgesch\u00e4digte<\/strong> zur Verf\u00fcgung steht, die die Konzerte \u00fcber sensorische Rucks\u00e4cke &#8222;h\u00f6ren&#8220; k\u00f6nnen.<\/p>\n<p><strong>Programm<\/strong><\/p>\n<p>Das Konzert beginnt mit der Auff\u00fchrung einiger Fragmente von &#8222;El Carnaval de los animales canarios&#8220;, in denen die Inselkomponisten <strong>Celia Rivero und Sergio Rodr\u00edguez<\/strong> verschiedene <strong>Tiere<\/strong> vertonen <strong>, die mit dem Archipel verbunden sind<\/strong>, darunter die <strong>Rieseneidechse von El Hierro, die Ohrenfledermaus, der Specht, die blinde Krabbe von Lanzarote und der Blauwal<\/strong>; und auch die <strong>Aquaviva, der Tigerfalter, das Kanarische Kamel, der Zackenbarsch, die Riesenschildkr\u00f6te von Teneriffa und die Sardine. <\/strong>In diesem Fall unter der Leitung des jungen Santiago Padilla.<\/p>\n<p>Der zweite Teil, bei dem V\u00edctor Lemes als Erz\u00e4hler mitwirkt, ist f\u00fcr den <strong>&#8222;Karneval der Tiere&#8220; bestimmt.<\/strong> Dieses St\u00fcck wurde von <strong>Saint-Sa\u00ebns<\/strong> 1886 komponiert und ist eine Suite in vierzehn S\u00e4tzen, die er w\u00e4hrend eines Urlaubs in \u00d6sterreich als eine Art musikalischen Scherz zur Unterhaltung seiner Freunde schrieb. Tats\u00e4chlich verbot er zu Lebzeiten, das Werk zu ver\u00f6ffentlichen oder aufzuf\u00fchren, mit Ausnahme des Satzes &#8222;Der Schwan&#8220;, den er f\u00fcr ernst und sch\u00f6n hielt. So wurde das Werk <strong>erst nach seinem Tod 1922 \u00f6ffentlich uraufgef\u00fchrt <\/strong>und erfreut sich seither gro\u00dfer Beliebtheit, denn obwohl es sich um ein humorvolles Werk handelt, ist es mit gro\u00dfem K\u00f6nnen und einer profunden Kenntnis der instrumentalen Klangfarben komponiert.   <\/p>\n<p>In jedem dieser S\u00e4tze wird ein Tier oder eine Szene mit einer humorvollen und parodistischen Note dargestellt. Im Satz &#8222;Fossilien&#8220; parodiert Saint-Sa\u00ebns zum Beispiel sich selbst und andere Kollegen wie Rossini und Offenbach. Das St\u00fcck wird von <strong>V\u00edctor Lemes <\/strong>dirigiert <strong>, <\/strong>der ein am\u00fcsantes Skript verfasst hat, das das Orchester begleitet und im Konzert als Erz\u00e4hler fungiert.  <\/p>\n<p><strong>Zum ersten Mal mit Pianisten<\/strong><\/p>\n<p>Eine der Neuerungen in diesem Jahr ist, dass zum ersten Mal <strong>zwei junge Pianisten,<\/strong> <strong>Gabriel \u00c1lvarez Doreste und Natalia Dionis Rodr\u00edguez<\/strong>, die im Rahmen eines <strong>\u00f6ffentlichen Aufrufs<\/strong> ausgew\u00e4hlt wurden, am JOCAN teilnehmen werden. Sie werden auf der B\u00fchne von Musikern begleitet, die aus dem Instrumentalistenpool des Jugendorchesters ausgew\u00e4hlt wurden: <strong>Unai Marrero Sim\u00f3n (Klarinette); \u00c9rika Guti\u00e9rrez Castillo (Kontrabass), Sara Lorenzo Gonz\u00e1lez (Fl\u00f6te); Ra\u00fal Fern\u00e1ndez Morales (Schlagzeug); Liz Flor Gonz\u00e1lez Dur\u00e1n (Bratsche); Marie Cooper Aube (Violine); In\u00e9s Ruiz Ortiz de Anti\u00f1ano (Violine) und Aurora Fibla Tejedas (Cello).<\/strong> <\/p>\n<p>Junge Musiker von den verschiedenen Inseln der Kanaren, die sich im letzten Jahr ihrer akademischen Musikausbildung in Zentren auf der ganzen Welt befinden oder diese gerade abgeschlossen haben. Bei dieser Tournee wird das JOCAN erneut auf den<strong> jungen Dirigenten Santiago Padilla<\/strong> z\u00e4hlen k\u00f6nnen, der das Orchester w\u00e4hrend der letztj\u00e4hrigen Tournee in seiner Anfangsphase begleitete, nachdem er drei Jahre zuvor im Rahmen einer \u00f6ffentlichen Ausschreibung ausgew\u00e4hlt worden war. Bei dieser Gelegenheit wird er auch f\u00fcr das Dirigat eines der St\u00fccke des Programms, &#8222;El carnaval de los animales canarios&#8220;, verantwortlich sein.  <\/p>\n<p><strong>Inklusive Konzerte<\/strong><\/p>\n<p>Aufgrund der guten Resonanz auf der letzten Tournee bietet JOCAN erneut <strong>einige Initiativen an, um die Konzerte f\u00fcr alle<\/strong>, auch f\u00fcr <strong>Menschen mit H\u00f6rbehinderungen<\/strong>, <strong>zug\u00e4nglich zu machen<\/strong>. Zu diesem Zweck und in Zusammenarbeit mit der <strong>DISA-Stiftung,<\/strong> die diese Patenschaft \u00fcbernommen hat, werden dem Publikum <strong>sensorische Rucks\u00e4cke<\/strong> zur Verf\u00fcgung gestellt, damit Menschen mit H\u00f6rproblemen das Erlebnis besser genie\u00dfen k\u00f6nnen. <\/p>\n<p>Es wird zehn dieser Ger\u00e4te geben, die auf Anfrage ab dem <strong>14. Juli kostenlos per E-Mail an <\/strong><strong>jocan@icdcultural.org<\/strong> zur Verf\u00fcgung gestellt werden, und die Einladungen werden nach dem Windhundprinzip verwaltet. Da in Saint-Sa\u00ebns&#8216; &#8222;Karneval der Tiere&#8220; die Figur des Erz\u00e4hlers vorkommt, wird au\u00dferdem <strong>ein Dolmetscher f\u00fcr spanische Geb\u00e4rdensprache (LSE)<\/strong> auf der B\u00fchne stehen. <\/p>\n<p><a><strong>Fast ein Jahrzehnt auf der B\u00fchne<\/strong><\/a><\/p>\n<p>JOCAN ist ein Projekt der Regierung der Kanarischen Inseln, das 2016 als Instrument f\u00fcr die Ausbildung und Orchesterpraxis junger Musiker der Inseln ins Leben gerufen wurde. Ein Programm, das sich in der Organisation der sogenannten Encuentros niederschl\u00e4gt, bei denen die Mitglieder des Orchesters mehrmals im Jahr zusammenkommen, um eine breite Palette von Repertoires vorzubereiten, die sie dann auf Tournee spielen. All dies geschieht unter der Leitung einer ausgew\u00e4hlten Gruppe von Lehrern und Maestros, und sie haben die M\u00f6glichkeit, mit gro\u00dfen internationalen Solisten zusammenzuarbeiten.  <\/p>\n<p>Dieses Treffen ist das 23. seit der Gr\u00fcndung von JOCAN. Eine Woche vor Beginn der Tournee treffen sich die Mitglieder dieser Konzerte in Teneriffa zu sieben Sitzungen, die der Ausbildung, dem Studium, dem Zusammenleben, den Proben und den Vorbereitungen gewidmet sind. <\/p>\n<p><strong>JOCAN-Sommertournee (Juli 2025)<\/strong><\/p>\n<p>Die von Cultura del <strong>Gobierno de Canarias<\/strong> organisierte Tournee beginnt am <strong>Montag, dem 21. Juli <\/strong>, im Espacio La Granja<strong> auf Teneriffa<\/strong> und wird <strong>am 23. Juli<\/strong> im Teatro Guiniguada auf <strong>Gran Canaria<\/strong>, <strong>am Donnerstag, dem 24. Juli,<\/strong> im Teatro Municipal de San Bartolom\u00e9 auf <strong>Lanzarote<\/strong>, am darauffolgenden <strong>Freitag, dem 25. Juli, im<\/strong>Palacio de Formaci\u00f3n y Congresos auf <strong>Fuerteventura<\/strong> und am <strong>Sonntag, dem 27. Juli,<\/strong> im Auditorio auf <strong>La Gomera<\/strong> fortgesetzt. Das Abschlusskonzert findet am <strong>Dienstag, den 29.<\/strong> im Teatro Circo de Marte, auf <strong>La Palma<\/strong> statt. <\/p>\n<p>\u00a7 Montag 21: Espacio La Granja, auf <strong>Teneriffa<\/strong> <\/p>\n<p>\u00a7 Mittwoch, 23. Dezember: Teatro Guiniguada, <strong>Gran Canaria<\/strong><\/p>\n<p>\u00a7 24. Donnerstag: Stadttheater von San Bartolom\u00e9, <strong>Lanzarote<\/strong><\/p>\n<p>\u00a7 Freitag 25: Palacio de Formaci\u00f3n y Congresos, <strong>Fuerteventura<\/strong><\/p>\n<p>\u00a7 27. Sonntag: Auditorio Insular, in <strong>La Gomera<\/strong><\/p>\n<p>\u00a7 Dienstag, 29. Dezember: Teatro Circo de Marte, in <strong>La Palma<\/strong><\/p>\n<p><em>Alle Konzerte beginnen um 20.00 Uhr.<\/em><\/p>\n<p><em>+ Infos und Tickets: <\/em><em>https:\/\/www.icdcultural.org\/jocan<\/em><\/p>\n<\/div>\n","protected":false},"excerpt":{"rendered":"<p>16. Juli, 2025 Das Konzert findet am Freitag, den 25. Juli um 20 Uhr im Palacio de Formaci\u00f3n y Congresos statt. Fuerteventura begr\u00fc\u00dft das Joven Orquesta de Canarias mit seinem [&hellip;]<\/p>\n","protected":false},"author":1,"featured_media":7751,"comment_status":"open","ping_status":"open","sticky":false,"template":"","format":"standard","meta":{"inline_featured_image":false,"jnews-multi-image_gallery":[],"jnews_single_post":[],"jnews_primary_category":[],"jnews_social_meta":[],"jnews_override_counter":[],"jnews_post_split":[],"footnotes":""},"categories":[287],"tags":[216],"class_list":["post-7755","post","type-post","status-publish","format-standard","has-post-thumbnail","hentry","category-cabildo-de","tag-fuerteventura-de"],"jetpack_featured_media_url":"https:\/\/informacionlocal.es\/wp-content\/uploads\/2025\/07\/eeeeefef.jpeg","_links":{"self":[{"href":"https:\/\/informacionlocal.es\/de\/wp-json\/wp\/v2\/posts\/7755","targetHints":{"allow":["GET"]}}],"collection":[{"href":"https:\/\/informacionlocal.es\/de\/wp-json\/wp\/v2\/posts"}],"about":[{"href":"https:\/\/informacionlocal.es\/de\/wp-json\/wp\/v2\/types\/post"}],"author":[{"embeddable":true,"href":"https:\/\/informacionlocal.es\/de\/wp-json\/wp\/v2\/users\/1"}],"replies":[{"embeddable":true,"href":"https:\/\/informacionlocal.es\/de\/wp-json\/wp\/v2\/comments?post=7755"}],"version-history":[{"count":0,"href":"https:\/\/informacionlocal.es\/de\/wp-json\/wp\/v2\/posts\/7755\/revisions"}],"wp:featuredmedia":[{"embeddable":true,"href":"https:\/\/informacionlocal.es\/de\/wp-json\/wp\/v2\/media\/7751"}],"wp:attachment":[{"href":"https:\/\/informacionlocal.es\/de\/wp-json\/wp\/v2\/media?parent=7755"}],"wp:term":[{"taxonomy":"category","embeddable":true,"href":"https:\/\/informacionlocal.es\/de\/wp-json\/wp\/v2\/categories?post=7755"},{"taxonomy":"post_tag","embeddable":true,"href":"https:\/\/informacionlocal.es\/de\/wp-json\/wp\/v2\/tags?post=7755"}],"curies":[{"name":"wp","href":"https:\/\/api.w.org\/{rel}","templated":true}]}}