{"id":7742,"date":"2025-07-16T18:07:13","date_gmt":"2025-07-16T17:07:13","guid":{"rendered":"https:\/\/informacionlocal.es\/chambao-und-luck-ra-sind-die-headliner-des-caleta-sound-fest\/"},"modified":"2025-07-16T18:07:13","modified_gmt":"2025-07-16T17:07:13","slug":"chambao-und-luck-ra-sind-die-headliner-des-caleta-sound-fest","status":"publish","type":"post","link":"https:\/\/informacionlocal.es\/de\/chambao-und-luck-ra-sind-die-headliner-des-caleta-sound-fest\/","title":{"rendered":"Chambao und Luck Ra sind die Headliner des Caleta Sound Fest"},"content":{"rendered":"<div class=\"elementor-widget-container\">\n<p><strong>Beach Party kehrt nach f\u00fcnf Jahren moderner und ambitionierter mit Caleta Sound Fest zur\u00fcck<\/strong><\/p>\n<p><strong>Chambao und Luck Ra sind die Headliner des Caleta Sound Fest<\/strong><\/p>\n<p><strong>&#8211; Caleta Sound Fest am Strand von El Castillo am Freitag, den 1. und Samstag, den 2. August mit einem Marathon von Konzerten, musikalischen Hommagen und DJs.<\/strong><br \/><strong>&#8211; Gastronomischer Bereich, breite Zug\u00e4nge, f\u00fcr Menschen mit eingeschr\u00e4nkter Mobilit\u00e4t geeignete R\u00e4ume.  <\/strong><br \/><strong>&#8211; Finanziert von der Stadtverwaltung von Antigua mit 300.000 Euro und dem Beitrag von 35.000 Euro vom Cabildo von Fuerteventura.<\/strong><\/p>\n<p>An diesem Mittwochmorgen fand im Rathaus von Antigua die Pr\u00e4sentation der R\u00fcckkehr der Beach Party als Caleta Sound Fest, nach f\u00fcnf Jahren ohne statt, kehrt mit mehr Schwung, moderner und f\u00fcr alle Profile der \u00d6ffentlichkeit, junge und Familie, wird wieder in seinem urspr\u00fcnglichen Standort, der Strand von El Castillo statt.<\/p>\n<p>Der B\u00fcrgermeister von Antigua, Mat\u00edas Pe\u00f1a, hat die Bem\u00fchungen des technischen Teams und der Tourismusabteilung hervorgehoben, um nach f\u00fcnf Jahren dieses musikalische Ereignis in Caleta de Fuste f\u00fcr die Einwohner der Gemeinde und der Insel sowie f\u00fcr die Touristen, die uns besuchen, wieder aufleben zu lassen. Der Investitionsaufwand des Rathauses von Antigua ist mit 300.000 Euro au\u00dferordentlich hoch, so dass wir das Cabildo bitten, eine Erh\u00f6hung seines Beitrags von 35.000 Euro auf 100.000 Euro im n\u00e4chsten Jahr in Betracht zu ziehen, um dieses Festival zu unterst\u00fctzen und so in der Lage zu sein, andere kommunale Veranstaltungen in der Stadt aufrechtzuerhalten. <\/p>\n<p>Die Stadtr\u00e4tin f\u00fcr Tourismus, Marlene Figueroa, hat ihrerseits einen Antrag auf Erh\u00f6hung der Zuweisung des Fremdenverkehrsamtes gestellt und das Caleta Sound Fest zu den 22 Veranstaltungen hinzugef\u00fcgt, die auf der Insel subventioniert werden. Die Stadtr\u00e4tin begl\u00fcckw\u00fcnschte die Bem\u00fchungen und das Ergebnis des Rathauses von Antigua, das Caleta Sound Fest wiederzubeleben, das mehr Qualit\u00e4t und einen neuen Raum f\u00fcr Freizeit, Spa\u00df und Musik auf Fuerteventura bietet. <\/p>\n<p>Die Stadtr\u00e4tin f\u00fcr Tourismus, Kristina Rodewig, hat den Auftritt von zwei Protagonisten der Musikszene wie Luck Ra und Chambao hervorgehoben, zu denen sich DJs, musikalische Tribute und neue Gruppen gesellen, die wir noch ank\u00fcndigen werden. Zwei intensive Tage in einer privilegierten Umgebung wie dem Strand, und Rodewig f\u00fcgt hinzu, mit einem modernen gastronomischen Bereich, breiten Zug\u00e4ngen und einem Bereich, der f\u00fcr den Komfort von Menschen mit eingeschr\u00e4nkter Mobilit\u00e4t reserviert ist, sowie dem violetten Pr\u00e4ventiv- und Informationspunkt. All dies wird durch eine gro\u00dfe B\u00fchne erg\u00e4nzt, auf der am Freitag, den 1. August ab 17 Uhr oder am Samstag, den 2. August ab 12 Uhr bis in die fr\u00fchen Morgenstunden Konzerte stattfinden werden. Der Stadtrat dankt dem Techniker des Stadtrats, Javier Rodr\u00edguez Sosa, f\u00fcr sein Engagement.   <\/p>\n<\/div>\n","protected":false},"excerpt":{"rendered":"<p><strong>Beach Party kehrt nach f\u00fcnf Jahren moderner und ambitionierter mit Caleta Sound Fest zur\u00fcck<\/strong><\/p>\n","protected":false},"author":1,"featured_media":7739,"comment_status":"open","ping_status":"open","sticky":false,"template":"","format":"standard","meta":{"inline_featured_image":false,"jnews-multi-image_gallery":[],"jnews_single_post":[],"jnews_primary_category":[],"jnews_social_meta":[],"jnews_override_counter":[],"jnews_post_split":[],"footnotes":""},"categories":[283],"tags":[303,216],"class_list":["post-7742","post","type-post","status-publish","format-standard","has-post-thumbnail","hentry","category-antigua-de","tag-eventos-de","tag-fuerteventura-de"],"jetpack_featured_media_url":"https:\/\/informacionlocal.es\/wp-content\/uploads\/2025\/07\/presentacion-de-caleta-sound-fest-3-scaled-1.jpg","_links":{"self":[{"href":"https:\/\/informacionlocal.es\/de\/wp-json\/wp\/v2\/posts\/7742","targetHints":{"allow":["GET"]}}],"collection":[{"href":"https:\/\/informacionlocal.es\/de\/wp-json\/wp\/v2\/posts"}],"about":[{"href":"https:\/\/informacionlocal.es\/de\/wp-json\/wp\/v2\/types\/post"}],"author":[{"embeddable":true,"href":"https:\/\/informacionlocal.es\/de\/wp-json\/wp\/v2\/users\/1"}],"replies":[{"embeddable":true,"href":"https:\/\/informacionlocal.es\/de\/wp-json\/wp\/v2\/comments?post=7742"}],"version-history":[{"count":0,"href":"https:\/\/informacionlocal.es\/de\/wp-json\/wp\/v2\/posts\/7742\/revisions"}],"wp:featuredmedia":[{"embeddable":true,"href":"https:\/\/informacionlocal.es\/de\/wp-json\/wp\/v2\/media\/7739"}],"wp:attachment":[{"href":"https:\/\/informacionlocal.es\/de\/wp-json\/wp\/v2\/media?parent=7742"}],"wp:term":[{"taxonomy":"category","embeddable":true,"href":"https:\/\/informacionlocal.es\/de\/wp-json\/wp\/v2\/categories?post=7742"},{"taxonomy":"post_tag","embeddable":true,"href":"https:\/\/informacionlocal.es\/de\/wp-json\/wp\/v2\/tags?post=7742"}],"curies":[{"name":"wp","href":"https:\/\/api.w.org\/{rel}","templated":true}]}}