{"id":7729,"date":"2025-07-16T17:01:55","date_gmt":"2025-07-16T16:01:55","guid":{"rendered":"https:\/\/informacionlocal.es\/dreissig-teilnehmer-schliessen-erfolgreich-den-kurs-conecta2-zur-vermittlung-digitaler-kompetenzen-ab\/"},"modified":"2025-07-16T17:01:55","modified_gmt":"2025-07-16T16:01:55","slug":"dreissig-teilnehmer-schliessen-erfolgreich-den-kurs-conecta2-zur-vermittlung-digitaler-kompetenzen-ab","status":"publish","type":"post","link":"https:\/\/informacionlocal.es\/de\/dreissig-teilnehmer-schliessen-erfolgreich-den-kurs-conecta2-zur-vermittlung-digitaler-kompetenzen-ab\/","title":{"rendered":"Drei\u00dfig Teilnehmer schlie\u00dfen erfolgreich den Kurs &#8222;Conecta2&#8220; zur Vermittlung digitaler Kompetenzen ab."},"content":{"rendered":"<div class=\"entry-content\"><strong>16. Juli, 2025<\/strong><\/p>\n<p><strong>M<\/strong><\/p>\n<p>Etwa drei\u00dfig Personen im Alter von \u00fcber 55 Jahren aus allen Gemeinden Fuerteventuras haben den Kurs zur digitalen Kompetenz im Rahmen des Projekts &#8222;Conecta2: Navigieren im digitalen Zeitalter&#8220; erfolgreich abgeschlossen. Diese bahnbrechende Initiative, die vom Cabildo von Fuerteventura \u00fcber die Abteilung f\u00fcr neue Technologien gef\u00f6rdert wird, zielt darauf ab, die technologische Integration zu f\u00f6rdern und die digitale Kluft unter der \u00e4lteren Bev\u00f6lkerung der Insel zu verringern. <\/p>\n<p>Der Kurs fand zwischen M\u00e4rz und Juni in den sechs Majorero-Gemeinden statt, mit einer hohen Beteiligung und einer sehr positiven Bewertung durch die Sch\u00fcler. In den verschiedenen Schulungsmodulen lernten die Teilnehmer von der grundlegenden Nutzung von Computern und Mobiltelefonen bis hin zu praktischen Tools wie E-Mail, soziale Netzwerke, Videoanrufe, die Nutzung mobiler Anwendungen, sicheres Surfen und den Einsatz von Tools der k\u00fcnstlichen Intelligenz. <\/p>\n<p>Die Pr\u00e4sidentin des Cabildo, Lola Garc\u00eda, weist darauf hin, dass die Schulungserfahrung mit einer &#8222;sehr positiven&#8220; Bewertung abgeschlossen wurde, sowohl im Hinblick auf den Erwerb digitaler F\u00e4higkeiten als auch auf die St\u00e4rkung des Selbstvertrauens und der pers\u00f6nlichen Autonomie. &#8222;Dies ist besonders f\u00fcr \u00e4ltere Menschen von Bedeutung, da es nicht nur darum geht, ihnen den Umgang mit der Technologie beizubringen, sondern auch darum, ihnen neue Wege der Kommunikation, des Zugangs zu Dienstleistungen und der Beteiligung zu er\u00f6ffnen&#8220;, erkl\u00e4rt sie. <\/p>\n<p>F\u00fcr die Stadtr\u00e4tin f\u00fcr neue Technologien, Carmen Alonso, hat dieses Projekt &#8222;die Erwartungen \u00fcbertroffen&#8220; und best\u00e4tigt, dass es unter den \u00e4lteren Menschen eine &#8222;gro\u00dfe Motivation&#8220; gibt, zu lernen und sich an die digitale Umgebung anzupassen. &#8222;Conecta2 hat gezeigt, dass es mit einer engen und individuellen Schulung m\u00f6glich ist, Barrieren abzubauen und diese Gruppe in die Lage zu versetzen, das Beste aus den von der Technologie gebotenen M\u00f6glichkeiten zu machen&#8220;. &#8222;Von der Abteilung f\u00fcr neue Technologien aus werden wir weiterhin diese Art von Initiativen f\u00f6rdern, die darauf abzielen, die digitale Kluft zu \u00fcberwinden und sie in alle Ecken der Insel zu bringen&#8220;.  <\/p>\n<p>Die Ausbildung, die mit einem praktischen und sch\u00fclerzentrierten Ansatz konzipiert wurde, hatte die institutionelle Unterst\u00fctzung der Stadtverwaltungen von Puerto del Rosario, La Oliva, Antigua, Tuineje, Betancuria und P\u00e1jara, die bei der \u00dcberlassung von R\u00e4umen und der Dynamisierung des Kurses auf lokaler Ebene mitwirkten. Die p\u00e4dagogische Arbeit umfasste individuelle Betreuung, Anschauungsmaterial und einen Leitfaden, damit die Teilnehmer zu Hause weiter \u00fcben konnten. <\/p>\n<p>Diese Ma\u00dfnahme wird mit Mitteln des Kanarischen Entwicklungsfonds (FDCAN), Laufzeit bis 2023, im Rahmen des vom Cabildo vorgelegten Vorschlags in der strategischen Linie 1 &#8222;F+E+I&#8220;, Achse 1.5 &#8222;F\u00f6rderung digitaler \u00f6ffentlicher Dienstleistungen&#8220;, Aktion 4 &#8222;Digitale Kompetenzen f\u00fcr B\u00fcrger&#8220; finanziert.<\/p>\n<\/div>\n","protected":false},"excerpt":{"rendered":"<p>16. Juli, 2025 M Etwa drei\u00dfig Personen im Alter von \u00fcber 55 Jahren aus allen Gemeinden Fuerteventuras haben den Kurs zur digitalen Kompetenz im Rahmen des Projekts &#8222;Conecta2: Navigieren im [&hellip;]<\/p>\n","protected":false},"author":1,"featured_media":7727,"comment_status":"open","ping_status":"open","sticky":false,"template":"","format":"standard","meta":{"inline_featured_image":false,"jnews-multi-image_gallery":[],"jnews_single_post":[],"jnews_primary_category":[],"jnews_social_meta":[],"jnews_override_counter":[],"jnews_post_split":[],"footnotes":""},"categories":[287],"tags":[216,196,197],"class_list":["post-7729","post","type-post","status-publish","format-standard","has-post-thumbnail","hentry","category-cabildo-de","tag-fuerteventura-de","tag-gemeinden","tag-offentliche-dienste"],"jetpack_featured_media_url":"https:\/\/informacionlocal.es\/wp-content\/uploads\/2025\/07\/eee-7-1.jpeg","_links":{"self":[{"href":"https:\/\/informacionlocal.es\/de\/wp-json\/wp\/v2\/posts\/7729","targetHints":{"allow":["GET"]}}],"collection":[{"href":"https:\/\/informacionlocal.es\/de\/wp-json\/wp\/v2\/posts"}],"about":[{"href":"https:\/\/informacionlocal.es\/de\/wp-json\/wp\/v2\/types\/post"}],"author":[{"embeddable":true,"href":"https:\/\/informacionlocal.es\/de\/wp-json\/wp\/v2\/users\/1"}],"replies":[{"embeddable":true,"href":"https:\/\/informacionlocal.es\/de\/wp-json\/wp\/v2\/comments?post=7729"}],"version-history":[{"count":0,"href":"https:\/\/informacionlocal.es\/de\/wp-json\/wp\/v2\/posts\/7729\/revisions"}],"wp:featuredmedia":[{"embeddable":true,"href":"https:\/\/informacionlocal.es\/de\/wp-json\/wp\/v2\/media\/7727"}],"wp:attachment":[{"href":"https:\/\/informacionlocal.es\/de\/wp-json\/wp\/v2\/media?parent=7729"}],"wp:term":[{"taxonomy":"category","embeddable":true,"href":"https:\/\/informacionlocal.es\/de\/wp-json\/wp\/v2\/categories?post=7729"},{"taxonomy":"post_tag","embeddable":true,"href":"https:\/\/informacionlocal.es\/de\/wp-json\/wp\/v2\/tags?post=7729"}],"curies":[{"name":"wp","href":"https:\/\/api.w.org\/{rel}","templated":true}]}}