{"id":7706,"date":"2025-07-16T15:04:56","date_gmt":"2025-07-16T14:04:56","guid":{"rendered":"https:\/\/informacionlocal.es\/der-tourismussektor-fuerteventuras-hat-die-zahl-der-direkten-und-indirekten-arbeitsplaetze-auf-der-insel-auf-52-150-erhoeht\/"},"modified":"2025-07-16T15:04:56","modified_gmt":"2025-07-16T14:04:56","slug":"der-tourismussektor-fuerteventuras-hat-die-zahl-der-direkten-und-indirekten-arbeitsplaetze-auf-der-insel-auf-52-150-erhoeht","status":"publish","type":"post","link":"https:\/\/informacionlocal.es\/de\/der-tourismussektor-fuerteventuras-hat-die-zahl-der-direkten-und-indirekten-arbeitsplaetze-auf-der-insel-auf-52-150-erhoeht\/","title":{"rendered":"Der Tourismussektor Fuerteventuras hat die Zahl der direkten und indirekten Arbeitspl\u00e4tze auf der Insel auf 52.150 erh\u00f6ht."},"content":{"rendered":"<div class=\"entry-content\"><strong>16. Juli, 2025<\/strong><\/p>\n<p><em><strong>Istac und Segittur bringen die Zunahme der Flugbuchungen und Sitzpl\u00e4tze auf der Insel f\u00fcr den Sommer mit der Verbesserung der lokalen Besch\u00e4ftigungslage in Verbindung.<\/strong><\/em><\/p>\n<p><em><strong>Lola Garc\u00eda sch\u00e4tzt die Daten positiv ein und setzt auf ein Tourismusmodell, das auf Qualit\u00e4t und nicht auf Quantit\u00e4t ausgerichtet ist und dessen Vorteile sich auf den Nutzen f\u00fcr unsere Bev\u00f6lkerung auswirken.<\/strong><\/em><\/p>\n<p><em><strong>Marlene Figueroa: &#8222;Wir m\u00fcssen den Beitrag des Tourismus in jeder Hinsicht wertsch\u00e4tzen, insbesondere seine F\u00e4higkeit, Arbeitspl\u00e4tze zu schaffen, die die Familien und die lokale Wirtschaft unterst\u00fctzen&#8220;.<\/strong><\/em><\/p>\n<p>Die Besch\u00e4ftigungszahlen im Zusammenhang mit dem Tourismus auf Fuerteventura sind in der laufenden Sommersaison 2025 sehr positiv. Die direkten und indirekten Arbeitspl\u00e4tze im Zusammenhang mit dem Dienstleistungssektor steigen auf 52.150 Arbeitspl\u00e4tze. Das sind fast 1.500 Arbeitnehmer mehr als im gleichen Zeitraum des Jahres 2024, wie das Kanarische Institut f\u00fcr Statistik (Istac) der Kanarischen Regierung mitteilt<strong>.<\/strong>  <\/p>\n<p>Die Pr\u00e4sidentin des Cabildo, Lola Garc\u00eda, \u00e4u\u00dfert sich positiv zu den Besch\u00e4ftigungsdaten im Zusammenhang mit dem Tourismussektor: &#8222;Wir k\u00f6nnen nicht ignorieren, dass die Tourismusindustrie die wirtschaftliche Aktivit\u00e4t auf unserer Insel anf\u00fchrt, daher m\u00fcssen wir vom \u00f6ffentlichen und privaten Sektor ein innovatives Tourismusmodell vorschlagen, das auf Qualit\u00e4t und nicht auf Quantit\u00e4t ausgerichtet ist, das Arbeitspl\u00e4tze auf unserer Insel schafft und dessen Vorteile an die Menschen, die hier leben, verteilt werden&#8220;. Ohne dabei zu vergessen, f\u00fcgt Garc\u00eda hinzu, &#8222;dass wir uns f\u00fcr ein nachhaltiges Reiseziel einsetzen, indem wir unsere Anstrengungen auf die Renovierung statt auf den Neubau konzentrieren, um unser Territorium und unsere Landschaft zu erhalten, die uns als Insel so einzigartig machen&#8220;. <\/p>\n<p>Die Tourismusbeauftragte der Inselregierung von Fuerteventura, Marlene Figueroa, erkl\u00e4rt, dass diese &#8222;guten und ermutigenden&#8220; Zahlen das Ergebnis einer mit dem Privatsektor abgestimmten Tourismuspolitik sind, die darauf abzielt, Besucher anzuziehen, &#8222;die in der Lage und bereit sind, am Reiseziel zu konsumieren, und so Wohlstand f\u00fcr die Arbeitnehmer auf Fuerteventura und ihre Familien zu schaffen&#8220;.<\/p>\n<p>&#8222;Wenn wir \u00fcber den Tourismussektor sprechen, m\u00fcssen wir seinen Beitrag aus allen Blickwinkeln bewerten, insbesondere seine F\u00e4higkeit, Arbeitspl\u00e4tze zu schaffen, die die Wirtschaft der Familien aufrechterhalten, die auf unserer Insel konsumieren und andere lokale Wirtschaften unterst\u00fctzen&#8220;, bekr\u00e4ftigt Marlene Figueroa.<\/p>\n<p>In diesem Sinne analysiert die vom Ministerium f\u00fcr Industrie und Tourismus abh\u00e4ngige Sociedad Mercantil Estatal para la Gesti\u00f3n de la Innovaci\u00f3n y las Tecnolog\u00edas Tur\u00edsticas (Segittur) Daten \u00fcber Suchanfragen, Buchungen und regul\u00e4re Flugsitze mit Fuerteventura f\u00fcr die Monate Juni, Juli und August 2025 und vergleicht sie mit dem gleichen Zeitraum im Jahr 2024.<\/p>\n<\/div>\n","protected":false},"excerpt":{"rendered":"<p>16. Juli, 2025 Istac und Segittur bringen die Zunahme der Flugbuchungen und Sitzpl\u00e4tze auf der Insel f\u00fcr den Sommer mit der Verbesserung der lokalen Besch\u00e4ftigungslage in Verbindung. Lola Garc\u00eda sch\u00e4tzt [&hellip;]<\/p>\n","protected":false},"author":1,"featured_media":7703,"comment_status":"open","ping_status":"open","sticky":false,"template":"","format":"standard","meta":{"inline_featured_image":false,"jnews-multi-image_gallery":[],"jnews_single_post":[],"jnews_primary_category":[],"jnews_social_meta":[],"jnews_override_counter":[],"jnews_post_split":[],"footnotes":""},"categories":[287],"tags":[216],"class_list":["post-7706","post","type-post","status-publish","format-standard","has-post-thumbnail","hentry","category-cabildo-de","tag-fuerteventura-de"],"jetpack_featured_media_url":"https:\/\/informacionlocal.es\/wp-content\/uploads\/2025\/07\/trrrrr.jpeg","_links":{"self":[{"href":"https:\/\/informacionlocal.es\/de\/wp-json\/wp\/v2\/posts\/7706","targetHints":{"allow":["GET"]}}],"collection":[{"href":"https:\/\/informacionlocal.es\/de\/wp-json\/wp\/v2\/posts"}],"about":[{"href":"https:\/\/informacionlocal.es\/de\/wp-json\/wp\/v2\/types\/post"}],"author":[{"embeddable":true,"href":"https:\/\/informacionlocal.es\/de\/wp-json\/wp\/v2\/users\/1"}],"replies":[{"embeddable":true,"href":"https:\/\/informacionlocal.es\/de\/wp-json\/wp\/v2\/comments?post=7706"}],"version-history":[{"count":0,"href":"https:\/\/informacionlocal.es\/de\/wp-json\/wp\/v2\/posts\/7706\/revisions"}],"wp:featuredmedia":[{"embeddable":true,"href":"https:\/\/informacionlocal.es\/de\/wp-json\/wp\/v2\/media\/7703"}],"wp:attachment":[{"href":"https:\/\/informacionlocal.es\/de\/wp-json\/wp\/v2\/media?parent=7706"}],"wp:term":[{"taxonomy":"category","embeddable":true,"href":"https:\/\/informacionlocal.es\/de\/wp-json\/wp\/v2\/categories?post=7706"},{"taxonomy":"post_tag","embeddable":true,"href":"https:\/\/informacionlocal.es\/de\/wp-json\/wp\/v2\/tags?post=7706"}],"curies":[{"name":"wp","href":"https:\/\/api.w.org\/{rel}","templated":true}]}}